{"id":20853,"date":"2026-01-19T12:00:00","date_gmt":"2026-01-19T11:00:00","guid":{"rendered":"https:\/\/centrejujolcannegre.cat\/?p=20853"},"modified":"2026-02-03T10:38:11","modified_gmt":"2026-02-03T09:38:11","slug":"the-portrait-noblom-collection-by-bernat-puigdollers","status":"publish","type":"post","link":"https:\/\/centrejujolcannegre.cat\/en\/the-portrait-noblom-collection-by-bernat-puigdollers\/","title":{"rendered":"Identities. Portraits from the Noblom Collection"},"content":{"rendered":"\n<p>From January 23 to March 15, 2026.<\/p>\n\n<p>Opening: January 22 at 7:30 p.m.<\/p>\n\n<p>The Noblom Collection brings together a wide and diverse set of works by Catalan artists from the 19th and 20th centuries. The corpus of the collection allows for multiple readings and approaches to aspects of the history of Catalan art from this period, such as, in this case, the portrait genre. The portrait has always been a sign of status, of power, but also of introspection, a reflection of the will to understand and delve deeper into identity and human existence. It has also been a sign of friendship and affection, a fight against oblivion and a reflection of the inherent need in human beings to endure.   <\/p>\n\n<p>Through this exhibition it is possible to see a sample of different ways of conceiving the portrait and at the same time a wide range of Catalan artists who have excelled in this genre and who have not always been recognized as they deserve. A unique opportunity to contemplate works by Antoni Vila Arrufat, Mart\u00ed Llaurad\u00f3, Garc\u00eda Llort, Galofre Oller, Picarol, Aureli Tolosa, Borrell i Nicolau, Eusebi Arnau, Francesc Domingo, Camps Ribera, Pidelaserra, Grau Sala, R\u00e0fols Casamada\u2026 which are not normally accessible to the public. <\/p>\n\n<figure class=\"wp-block-gallery has-nested-images columns-default is-cropped wp-block-gallery-1 is-layout-flex wp-block-gallery-is-layout-flex\">\n<figure class=\"wp-block-image size-large\"><img loading=\"lazy\" decoding=\"async\" width=\"779\" height=\"1024\" data-id=\"20831\" src=\"https:\/\/centrejujolcannegre.cat\/wp-content\/uploads\/2026\/01\/IMG_0502-scaled.jpg\" alt=\"\" class=\"wp-image-20831\" srcset=\"https:\/\/centrejujolcannegre.cat\/wp-content\/uploads\/2026\/01\/IMG_0502-scaled.jpg 779w, https:\/\/centrejujolcannegre.cat\/wp-content\/uploads\/2026\/01\/IMG_0502-228x300.jpg 228w, https:\/\/centrejujolcannegre.cat\/wp-content\/uploads\/2026\/01\/IMG_0502-768x1010.jpg 768w, https:\/\/centrejujolcannegre.cat\/wp-content\/uploads\/2026\/01\/IMG_0502-1168x1536.jpg 1168w, https:\/\/centrejujolcannegre.cat\/wp-content\/uploads\/2026\/01\/IMG_0502-1557x2048.jpg 1557w, https:\/\/centrejujolcannegre.cat\/wp-content\/uploads\/2026\/01\/IMG_0502-600x789.jpg 600w\" sizes=\"auto, (max-width: 779px) 100vw, 779px\" \/><\/figure>\n\n\n\n<figure class=\"wp-block-image size-large\"><img loading=\"lazy\" decoding=\"async\" width=\"1024\" height=\"865\" data-id=\"20828\" src=\"https:\/\/centrejujolcannegre.cat\/wp-content\/uploads\/2026\/01\/IMG_0499-scaled.jpg\" alt=\"\" class=\"wp-image-20828\" srcset=\"https:\/\/centrejujolcannegre.cat\/wp-content\/uploads\/2026\/01\/IMG_0499-scaled.jpg 1024w, https:\/\/centrejujolcannegre.cat\/wp-content\/uploads\/2026\/01\/IMG_0499-300x253.jpg 300w, https:\/\/centrejujolcannegre.cat\/wp-content\/uploads\/2026\/01\/IMG_0499-768x649.jpg 768w, https:\/\/centrejujolcannegre.cat\/wp-content\/uploads\/2026\/01\/IMG_0499-1536x1297.jpg 1536w, https:\/\/centrejujolcannegre.cat\/wp-content\/uploads\/2026\/01\/IMG_0499-2048x1730.jpg 2048w, https:\/\/centrejujolcannegre.cat\/wp-content\/uploads\/2026\/01\/IMG_0499-600x507.jpg 600w\" sizes=\"auto, (max-width: 1024px) 100vw, 1024px\" \/><\/figure>\n\n\n\n<figure class=\"wp-block-image size-large\"><img loading=\"lazy\" decoding=\"async\" width=\"779\" height=\"869\" data-id=\"20840\" src=\"https:\/\/centrejujolcannegre.cat\/wp-content\/uploads\/2026\/01\/1.jpg\" alt=\"\" class=\"wp-image-20840\" srcset=\"https:\/\/centrejujolcannegre.cat\/wp-content\/uploads\/2026\/01\/1.jpg 779w, https:\/\/centrejujolcannegre.cat\/wp-content\/uploads\/2026\/01\/1-269x300.jpg 269w, https:\/\/centrejujolcannegre.cat\/wp-content\/uploads\/2026\/01\/1-768x857.jpg 768w, https:\/\/centrejujolcannegre.cat\/wp-content\/uploads\/2026\/01\/1-600x669.jpg 600w\" sizes=\"auto, (max-width: 779px) 100vw, 779px\" \/><\/figure>\n\n\n\n<figure class=\"wp-block-image size-large\"><img loading=\"lazy\" decoding=\"async\" width=\"818\" height=\"1024\" data-id=\"20846\" src=\"https:\/\/centrejujolcannegre.cat\/wp-content\/uploads\/2026\/01\/IMG_0488.jpg\" alt=\"\" class=\"wp-image-20846\" srcset=\"https:\/\/centrejujolcannegre.cat\/wp-content\/uploads\/2026\/01\/IMG_0488.jpg 818w, https:\/\/centrejujolcannegre.cat\/wp-content\/uploads\/2026\/01\/IMG_0488-240x300.jpg 240w, https:\/\/centrejujolcannegre.cat\/wp-content\/uploads\/2026\/01\/IMG_0488-768x962.jpg 768w, https:\/\/centrejujolcannegre.cat\/wp-content\/uploads\/2026\/01\/IMG_0488-1226x1536.jpg 1226w, https:\/\/centrejujolcannegre.cat\/wp-content\/uploads\/2026\/01\/IMG_0488-1635x2048.jpg 1635w, https:\/\/centrejujolcannegre.cat\/wp-content\/uploads\/2026\/01\/IMG_0488-600x751.jpg 600w\" sizes=\"auto, (max-width: 818px) 100vw, 818px\" \/><\/figure>\n<\/figure>\n","protected":false},"excerpt":{"rendered":"<p>From January 23 to March 15, 2026. Opening: January 22 at 7:30 p.m. The Noblom Collection brings together a wide and diverse set of works by Catalan artists from the 19th and 20th centuries. The corpus of the collection allows for multiple readings and approaches to aspects of the history of Catalan art from this&#8230;<\/p>\n","protected":false},"author":1067,"featured_media":20844,"comment_status":"closed","ping_status":"closed","sticky":false,"template":"","format":"standard","meta":{"inline_featured_image":false,"_kad_blocks_custom_css":"","_kad_blocks_head_custom_js":"","_kad_blocks_body_custom_js":"","_kad_blocks_footer_custom_js":"","_kad_post_transparent":"","_kad_post_title":"","_kad_post_layout":"","_kad_post_sidebar_id":"","_kad_post_content_style":"","_kad_post_vertical_padding":"","_kad_post_feature":"","_kad_post_feature_position":"","_kad_post_header":false,"_kad_post_footer":false,"_kad_post_classname":"","footnotes":""},"categories":[355],"tags":[],"class_list":["post-20853","post","type-post","status-publish","format-standard","has-post-thumbnail","hentry","category-exhibitions-en"],"yoast_head":"<!-- This site is optimized with the Yoast SEO plugin v27.5 - https:\/\/yoast.com\/product\/yoast-seo-wordpress\/ -->\n<title>Identities. Portraits from the Noblom Collection - Plataforma Centre Jujol - Can Negre<\/title>\n<meta name=\"robots\" content=\"index, follow, max-snippet:-1, max-image-preview:large, max-video-preview:-1\" \/>\n<link rel=\"canonical\" href=\"https:\/\/centrejujolcannegre.cat\/en\/the-portrait-noblom-collection-by-bernat-puigdollers\/\" \/>\n<meta property=\"og:locale\" content=\"en_US\" \/>\n<meta property=\"og:type\" content=\"article\" \/>\n<meta property=\"og:title\" content=\"Identities. Portraits from the Noblom Collection - Plataforma Centre Jujol - Can Negre\" \/>\n<meta property=\"og:description\" content=\"From January 23 to March 15, 2026. Opening: January 22 at 7:30 p.m. The Noblom Collection brings together a wide and diverse set of works by Catalan artists from the 19th and 20th centuries. The corpus of the collection allows for multiple readings and approaches to aspects of the history of Catalan art from this...\" \/>\n<meta property=\"og:url\" content=\"https:\/\/centrejujolcannegre.cat\/en\/the-portrait-noblom-collection-by-bernat-puigdollers\/\" \/>\n<meta property=\"og:site_name\" content=\"Plataforma Centre Jujol - Can Negre\" \/>\n<meta property=\"article:publisher\" content=\"https:\/\/www.facebook.com\/cannegre\" \/>\n<meta property=\"article:published_time\" content=\"2026-01-19T11:00:00+00:00\" \/>\n<meta property=\"article:modified_time\" content=\"2026-02-03T09:38:11+00:00\" \/>\n<meta property=\"og:image\" content=\"https:\/\/centrejujolcannegre.cat\/wp-content\/uploads\/2026\/01\/240620-Domingo-ALTA-001-original-867x1024.jpg\" \/>\n\t<meta property=\"og:image:width\" content=\"867\" \/>\n\t<meta property=\"og:image:height\" content=\"1024\" \/>\n\t<meta property=\"og:image:type\" content=\"image\/jpeg\" \/>\n<meta name=\"author\" content=\"M\u00f3nica Barahona Pascual\" \/>\n<meta name=\"twitter:card\" content=\"summary_large_image\" \/>\n<meta name=\"twitter:creator\" content=\"@cannegresjd\" \/>\n<meta name=\"twitter:site\" content=\"@cannegresjd\" \/>\n<meta name=\"twitter:label1\" content=\"Written by\" \/>\n\t<meta name=\"twitter:data1\" content=\"M\u00f3nica Barahona Pascual\" \/>\n\t<meta name=\"twitter:label2\" content=\"Est. reading time\" \/>\n\t<meta name=\"twitter:data2\" content=\"1 minute\" \/>\n<script type=\"application\/ld+json\" class=\"yoast-schema-graph\">{\"@context\":\"https:\\\/\\\/schema.org\",\"@graph\":[{\"@type\":\"Article\",\"@id\":\"https:\\\/\\\/centrejujolcannegre.cat\\\/en\\\/the-portrait-noblom-collection-by-bernat-puigdollers\\\/#article\",\"isPartOf\":{\"@id\":\"https:\\\/\\\/centrejujolcannegre.cat\\\/en\\\/the-portrait-noblom-collection-by-bernat-puigdollers\\\/\"},\"author\":{\"name\":\"M\u00f3nica Barahona Pascual\",\"@id\":\"https:\\\/\\\/centrejujolcannegre.cat\\\/en\\\/#\\\/schema\\\/person\\\/174733455c82bd88c7ba70710d7145f4\"},\"headline\":\"Identities. Portraits from the Noblom Collection\",\"datePublished\":\"2026-01-19T11:00:00+00:00\",\"dateModified\":\"2026-02-03T09:38:11+00:00\",\"mainEntityOfPage\":{\"@id\":\"https:\\\/\\\/centrejujolcannegre.cat\\\/en\\\/the-portrait-noblom-collection-by-bernat-puigdollers\\\/\"},\"wordCount\":209,\"publisher\":{\"@id\":\"https:\\\/\\\/centrejujolcannegre.cat\\\/en\\\/#organization\"},\"image\":{\"@id\":\"https:\\\/\\\/centrejujolcannegre.cat\\\/en\\\/the-portrait-noblom-collection-by-bernat-puigdollers\\\/#primaryimage\"},\"thumbnailUrl\":\"https:\\\/\\\/centrejujolcannegre.cat\\\/wp-content\\\/uploads\\\/2026\\\/01\\\/240620-Domingo-ALTA-001-original.jpg\",\"articleSection\":[\"Exhibitions\"],\"inLanguage\":\"en-US\"},{\"@type\":\"WebPage\",\"@id\":\"https:\\\/\\\/centrejujolcannegre.cat\\\/en\\\/the-portrait-noblom-collection-by-bernat-puigdollers\\\/\",\"url\":\"https:\\\/\\\/centrejujolcannegre.cat\\\/en\\\/the-portrait-noblom-collection-by-bernat-puigdollers\\\/\",\"name\":\"Identities. Portraits from the Noblom Collection - Plataforma Centre Jujol - Can Negre\",\"isPartOf\":{\"@id\":\"https:\\\/\\\/centrejujolcannegre.cat\\\/en\\\/#website\"},\"primaryImageOfPage\":{\"@id\":\"https:\\\/\\\/centrejujolcannegre.cat\\\/en\\\/the-portrait-noblom-collection-by-bernat-puigdollers\\\/#primaryimage\"},\"image\":{\"@id\":\"https:\\\/\\\/centrejujolcannegre.cat\\\/en\\\/the-portrait-noblom-collection-by-bernat-puigdollers\\\/#primaryimage\"},\"thumbnailUrl\":\"https:\\\/\\\/centrejujolcannegre.cat\\\/wp-content\\\/uploads\\\/2026\\\/01\\\/240620-Domingo-ALTA-001-original.jpg\",\"datePublished\":\"2026-01-19T11:00:00+00:00\",\"dateModified\":\"2026-02-03T09:38:11+00:00\",\"breadcrumb\":{\"@id\":\"https:\\\/\\\/centrejujolcannegre.cat\\\/en\\\/the-portrait-noblom-collection-by-bernat-puigdollers\\\/#breadcrumb\"},\"inLanguage\":\"en-US\",\"potentialAction\":[{\"@type\":\"ReadAction\",\"target\":[\"https:\\\/\\\/centrejujolcannegre.cat\\\/en\\\/the-portrait-noblom-collection-by-bernat-puigdollers\\\/\"]}]},{\"@type\":\"ImageObject\",\"inLanguage\":\"en-US\",\"@id\":\"https:\\\/\\\/centrejujolcannegre.cat\\\/en\\\/the-portrait-noblom-collection-by-bernat-puigdollers\\\/#primaryimage\",\"url\":\"https:\\\/\\\/centrejujolcannegre.cat\\\/wp-content\\\/uploads\\\/2026\\\/01\\\/240620-Domingo-ALTA-001-original.jpg\",\"contentUrl\":\"https:\\\/\\\/centrejujolcannegre.cat\\\/wp-content\\\/uploads\\\/2026\\\/01\\\/240620-Domingo-ALTA-001-original.jpg\",\"width\":1300,\"height\":1536},{\"@type\":\"BreadcrumbList\",\"@id\":\"https:\\\/\\\/centrejujolcannegre.cat\\\/en\\\/the-portrait-noblom-collection-by-bernat-puigdollers\\\/#breadcrumb\",\"itemListElement\":[{\"@type\":\"ListItem\",\"position\":1,\"name\":\"Portada\",\"item\":\"https:\\\/\\\/centrejujolcannegre.cat\\\/en\\\/\"},{\"@type\":\"ListItem\",\"position\":2,\"name\":\"Identities. Portraits from the Noblom Collection\"}]},{\"@type\":\"WebSite\",\"@id\":\"https:\\\/\\\/centrejujolcannegre.cat\\\/en\\\/#website\",\"url\":\"https:\\\/\\\/centrejujolcannegre.cat\\\/en\\\/\",\"name\":\"Plataforma Centre Jujol - Can Negre\",\"description\":\"Plataforma de venta d&#039;entradas d&#039;activitats, exposicions i circuits culturals a Museus i l&#039;Escola d&#039;Art de de Sant Joan Desp\u00ed\",\"publisher\":{\"@id\":\"https:\\\/\\\/centrejujolcannegre.cat\\\/en\\\/#organization\"},\"potentialAction\":[{\"@type\":\"SearchAction\",\"target\":{\"@type\":\"EntryPoint\",\"urlTemplate\":\"https:\\\/\\\/centrejujolcannegre.cat\\\/en\\\/?s={search_term_string}\"},\"query-input\":{\"@type\":\"PropertyValueSpecification\",\"valueRequired\":true,\"valueName\":\"search_term_string\"}}],\"inLanguage\":\"en-US\"},{\"@type\":\"Organization\",\"@id\":\"https:\\\/\\\/centrejujolcannegre.cat\\\/en\\\/#organization\",\"name\":\"Centre Jujol - Can Negre\",\"url\":\"https:\\\/\\\/centrejujolcannegre.cat\\\/en\\\/\",\"logo\":{\"@type\":\"ImageObject\",\"inLanguage\":\"en-US\",\"@id\":\"https:\\\/\\\/centrejujolcannegre.cat\\\/en\\\/#\\\/schema\\\/logo\\\/image\\\/\",\"url\":\"https:\\\/\\\/centrejujolcannegre.cat\\\/wp-content\\\/uploads\\\/2024\\\/05\\\/logo-centre-jujol-can-negre.svg\",\"contentUrl\":\"https:\\\/\\\/centrejujolcannegre.cat\\\/wp-content\\\/uploads\\\/2024\\\/05\\\/logo-centre-jujol-can-negre.svg\",\"caption\":\"Centre Jujol - Can Negre\"},\"image\":{\"@id\":\"https:\\\/\\\/centrejujolcannegre.cat\\\/en\\\/#\\\/schema\\\/logo\\\/image\\\/\"},\"sameAs\":[\"https:\\\/\\\/www.facebook.com\\\/cannegre\",\"https:\\\/\\\/x.com\\\/cannegresjd\"]},{\"@type\":\"Person\",\"@id\":\"https:\\\/\\\/centrejujolcannegre.cat\\\/en\\\/#\\\/schema\\\/person\\\/174733455c82bd88c7ba70710d7145f4\",\"name\":\"M\u00f3nica Barahona Pascual\",\"image\":{\"@type\":\"ImageObject\",\"inLanguage\":\"en-US\",\"@id\":\"https:\\\/\\\/secure.gravatar.com\\\/avatar\\\/b5e186611bc64474985d48d6199ef277edfdb2cf509ad7718183ee58633e0116?s=96&d=mm&r=g\",\"url\":\"https:\\\/\\\/secure.gravatar.com\\\/avatar\\\/b5e186611bc64474985d48d6199ef277edfdb2cf509ad7718183ee58633e0116?s=96&d=mm&r=g\",\"contentUrl\":\"https:\\\/\\\/secure.gravatar.com\\\/avatar\\\/b5e186611bc64474985d48d6199ef277edfdb2cf509ad7718183ee58633e0116?s=96&d=mm&r=g\",\"caption\":\"M\u00f3nica Barahona Pascual\"}}]}<\/script>\n<!-- \/ Yoast SEO plugin. -->","yoast_head_json":{"title":"Identities. Portraits from the Noblom Collection - Plataforma Centre Jujol - Can Negre","robots":{"index":"index","follow":"follow","max-snippet":"max-snippet:-1","max-image-preview":"max-image-preview:large","max-video-preview":"max-video-preview:-1"},"canonical":"https:\/\/centrejujolcannegre.cat\/en\/the-portrait-noblom-collection-by-bernat-puigdollers\/","og_locale":"en_US","og_type":"article","og_title":"Identities. Portraits from the Noblom Collection - Plataforma Centre Jujol - Can Negre","og_description":"From January 23 to March 15, 2026. Opening: January 22 at 7:30 p.m. The Noblom Collection brings together a wide and diverse set of works by Catalan artists from the 19th and 20th centuries. The corpus of the collection allows for multiple readings and approaches to aspects of the history of Catalan art from this...","og_url":"https:\/\/centrejujolcannegre.cat\/en\/the-portrait-noblom-collection-by-bernat-puigdollers\/","og_site_name":"Plataforma Centre Jujol - Can Negre","article_publisher":"https:\/\/www.facebook.com\/cannegre","article_published_time":"2026-01-19T11:00:00+00:00","article_modified_time":"2026-02-03T09:38:11+00:00","og_image":[{"width":867,"height":1024,"url":"https:\/\/centrejujolcannegre.cat\/wp-content\/uploads\/2026\/01\/240620-Domingo-ALTA-001-original-867x1024.jpg","type":"image\/jpeg"}],"author":"M\u00f3nica Barahona Pascual","twitter_card":"summary_large_image","twitter_creator":"@cannegresjd","twitter_site":"@cannegresjd","twitter_misc":{"Written by":"M\u00f3nica Barahona Pascual","Est. reading time":"1 minute"},"schema":{"@context":"https:\/\/schema.org","@graph":[{"@type":"Article","@id":"https:\/\/centrejujolcannegre.cat\/en\/the-portrait-noblom-collection-by-bernat-puigdollers\/#article","isPartOf":{"@id":"https:\/\/centrejujolcannegre.cat\/en\/the-portrait-noblom-collection-by-bernat-puigdollers\/"},"author":{"name":"M\u00f3nica Barahona Pascual","@id":"https:\/\/centrejujolcannegre.cat\/en\/#\/schema\/person\/174733455c82bd88c7ba70710d7145f4"},"headline":"Identities. Portraits from the Noblom Collection","datePublished":"2026-01-19T11:00:00+00:00","dateModified":"2026-02-03T09:38:11+00:00","mainEntityOfPage":{"@id":"https:\/\/centrejujolcannegre.cat\/en\/the-portrait-noblom-collection-by-bernat-puigdollers\/"},"wordCount":209,"publisher":{"@id":"https:\/\/centrejujolcannegre.cat\/en\/#organization"},"image":{"@id":"https:\/\/centrejujolcannegre.cat\/en\/the-portrait-noblom-collection-by-bernat-puigdollers\/#primaryimage"},"thumbnailUrl":"https:\/\/centrejujolcannegre.cat\/wp-content\/uploads\/2026\/01\/240620-Domingo-ALTA-001-original.jpg","articleSection":["Exhibitions"],"inLanguage":"en-US"},{"@type":"WebPage","@id":"https:\/\/centrejujolcannegre.cat\/en\/the-portrait-noblom-collection-by-bernat-puigdollers\/","url":"https:\/\/centrejujolcannegre.cat\/en\/the-portrait-noblom-collection-by-bernat-puigdollers\/","name":"Identities. Portraits from the Noblom Collection - Plataforma Centre Jujol - Can Negre","isPartOf":{"@id":"https:\/\/centrejujolcannegre.cat\/en\/#website"},"primaryImageOfPage":{"@id":"https:\/\/centrejujolcannegre.cat\/en\/the-portrait-noblom-collection-by-bernat-puigdollers\/#primaryimage"},"image":{"@id":"https:\/\/centrejujolcannegre.cat\/en\/the-portrait-noblom-collection-by-bernat-puigdollers\/#primaryimage"},"thumbnailUrl":"https:\/\/centrejujolcannegre.cat\/wp-content\/uploads\/2026\/01\/240620-Domingo-ALTA-001-original.jpg","datePublished":"2026-01-19T11:00:00+00:00","dateModified":"2026-02-03T09:38:11+00:00","breadcrumb":{"@id":"https:\/\/centrejujolcannegre.cat\/en\/the-portrait-noblom-collection-by-bernat-puigdollers\/#breadcrumb"},"inLanguage":"en-US","potentialAction":[{"@type":"ReadAction","target":["https:\/\/centrejujolcannegre.cat\/en\/the-portrait-noblom-collection-by-bernat-puigdollers\/"]}]},{"@type":"ImageObject","inLanguage":"en-US","@id":"https:\/\/centrejujolcannegre.cat\/en\/the-portrait-noblom-collection-by-bernat-puigdollers\/#primaryimage","url":"https:\/\/centrejujolcannegre.cat\/wp-content\/uploads\/2026\/01\/240620-Domingo-ALTA-001-original.jpg","contentUrl":"https:\/\/centrejujolcannegre.cat\/wp-content\/uploads\/2026\/01\/240620-Domingo-ALTA-001-original.jpg","width":1300,"height":1536},{"@type":"BreadcrumbList","@id":"https:\/\/centrejujolcannegre.cat\/en\/the-portrait-noblom-collection-by-bernat-puigdollers\/#breadcrumb","itemListElement":[{"@type":"ListItem","position":1,"name":"Portada","item":"https:\/\/centrejujolcannegre.cat\/en\/"},{"@type":"ListItem","position":2,"name":"Identities. Portraits from the Noblom Collection"}]},{"@type":"WebSite","@id":"https:\/\/centrejujolcannegre.cat\/en\/#website","url":"https:\/\/centrejujolcannegre.cat\/en\/","name":"Plataforma Centre Jujol - Can Negre","description":"Plataforma de venta d&#039;entradas d&#039;activitats, exposicions i circuits culturals a Museus i l&#039;Escola d&#039;Art de de Sant Joan Desp\u00ed","publisher":{"@id":"https:\/\/centrejujolcannegre.cat\/en\/#organization"},"potentialAction":[{"@type":"SearchAction","target":{"@type":"EntryPoint","urlTemplate":"https:\/\/centrejujolcannegre.cat\/en\/?s={search_term_string}"},"query-input":{"@type":"PropertyValueSpecification","valueRequired":true,"valueName":"search_term_string"}}],"inLanguage":"en-US"},{"@type":"Organization","@id":"https:\/\/centrejujolcannegre.cat\/en\/#organization","name":"Centre Jujol - Can Negre","url":"https:\/\/centrejujolcannegre.cat\/en\/","logo":{"@type":"ImageObject","inLanguage":"en-US","@id":"https:\/\/centrejujolcannegre.cat\/en\/#\/schema\/logo\/image\/","url":"https:\/\/centrejujolcannegre.cat\/wp-content\/uploads\/2024\/05\/logo-centre-jujol-can-negre.svg","contentUrl":"https:\/\/centrejujolcannegre.cat\/wp-content\/uploads\/2024\/05\/logo-centre-jujol-can-negre.svg","caption":"Centre Jujol - Can Negre"},"image":{"@id":"https:\/\/centrejujolcannegre.cat\/en\/#\/schema\/logo\/image\/"},"sameAs":["https:\/\/www.facebook.com\/cannegre","https:\/\/x.com\/cannegresjd"]},{"@type":"Person","@id":"https:\/\/centrejujolcannegre.cat\/en\/#\/schema\/person\/174733455c82bd88c7ba70710d7145f4","name":"M\u00f3nica Barahona Pascual","image":{"@type":"ImageObject","inLanguage":"en-US","@id":"https:\/\/secure.gravatar.com\/avatar\/b5e186611bc64474985d48d6199ef277edfdb2cf509ad7718183ee58633e0116?s=96&d=mm&r=g","url":"https:\/\/secure.gravatar.com\/avatar\/b5e186611bc64474985d48d6199ef277edfdb2cf509ad7718183ee58633e0116?s=96&d=mm&r=g","contentUrl":"https:\/\/secure.gravatar.com\/avatar\/b5e186611bc64474985d48d6199ef277edfdb2cf509ad7718183ee58633e0116?s=96&d=mm&r=g","caption":"M\u00f3nica Barahona Pascual"}}]}},"taxonomy_info":{"category":[{"value":355,"label":"Exhibitions"}]},"featured_image_src_large":["https:\/\/centrejujolcannegre.cat\/wp-content\/uploads\/2026\/01\/240620-Domingo-ALTA-001-original-867x1024.jpg",867,1024,true],"author_info":{"display_name":"M\u00f3nica Barahona Pascual","author_link":"https:\/\/centrejujolcannegre.cat\/en\/author\/monicabp\/"},"comment_info":0,"category_info":[{"term_id":355,"name":"Exhibitions","slug":"exhibitions-en","term_group":0,"term_taxonomy_id":355,"taxonomy":"category","description":"","parent":0,"count":19,"filter":"raw","cat_ID":355,"category_count":19,"category_description":"","cat_name":"Exhibitions","category_nicename":"exhibitions-en","category_parent":0}],"tag_info":false,"_links":{"self":[{"href":"https:\/\/centrejujolcannegre.cat\/en\/wp-json\/wp\/v2\/posts\/20853","targetHints":{"allow":["GET"]}}],"collection":[{"href":"https:\/\/centrejujolcannegre.cat\/en\/wp-json\/wp\/v2\/posts"}],"about":[{"href":"https:\/\/centrejujolcannegre.cat\/en\/wp-json\/wp\/v2\/types\/post"}],"author":[{"embeddable":true,"href":"https:\/\/centrejujolcannegre.cat\/en\/wp-json\/wp\/v2\/users\/1067"}],"replies":[{"embeddable":true,"href":"https:\/\/centrejujolcannegre.cat\/en\/wp-json\/wp\/v2\/comments?post=20853"}],"version-history":[{"count":4,"href":"https:\/\/centrejujolcannegre.cat\/en\/wp-json\/wp\/v2\/posts\/20853\/revisions"}],"predecessor-version":[{"id":21307,"href":"https:\/\/centrejujolcannegre.cat\/en\/wp-json\/wp\/v2\/posts\/20853\/revisions\/21307"}],"wp:featuredmedia":[{"embeddable":true,"href":"https:\/\/centrejujolcannegre.cat\/en\/wp-json\/wp\/v2\/media\/20844"}],"wp:attachment":[{"href":"https:\/\/centrejujolcannegre.cat\/en\/wp-json\/wp\/v2\/media?parent=20853"}],"wp:term":[{"taxonomy":"category","embeddable":true,"href":"https:\/\/centrejujolcannegre.cat\/en\/wp-json\/wp\/v2\/categories?post=20853"},{"taxonomy":"post_tag","embeddable":true,"href":"https:\/\/centrejujolcannegre.cat\/en\/wp-json\/wp\/v2\/tags?post=20853"}],"curies":[{"name":"wp","href":"https:\/\/api.w.org\/{rel}","templated":true}]}}