{"id":11944,"date":"2025-03-04T10:53:29","date_gmt":"2025-03-04T09:53:29","guid":{"rendered":"https:\/\/centrejujolcannegre.cat\/metamorfosis-infinita-de-dis-berlin\/"},"modified":"2025-04-09T13:23:23","modified_gmt":"2025-04-09T11:23:23","slug":"metamorfosis-infinita-de-dis-berlin","status":"publish","type":"post","link":"https:\/\/centrejujolcannegre.cat\/es\/metamorfosis-infinita-de-dis-berlin\/","title":{"rendered":"Metamorfosis infinita, de Dis Berlin"},"content":{"rendered":"\n<p>Del 13 de marzo al 4 de mayo de 2025<\/p>\n\n<p>Inauguraci\u00f3n, 13 de marzo de 2025 a las 19:30 h<\/p>\n\n<p>Visita guiada a \u201cMetamorfosis infinita\u201d de Dis Berlin, a cargo de Sergio Fuentes Mil\u00e0, comisario de la exposici\u00f3n: 7 de abril a las 19:00 horas. <a href=\"https:\/\/centrejujolcannegre.cat\/es\/?post_type=product&amp;p=10919\">Para realizar la reserva, clica aqu\u00ed<\/a> .<\/p>\n\n<p>Actividad familiar de collage: Dis Berlin y Jujol. Domingo 13 de abril a las 11:00 horas. <a href=\"https:\/\/centrejujolcannegre.cat\/es\/?post_type=product&amp;p=11062\">Para realizar la reserva, clica aqu\u00ed<\/a> . <\/p>\n\n<p><strong><a href=\"https:\/\/drive.google.com\/file\/d\/1T4fpcV9uYvm0icdbqJ0M_QJ3Ra4G73tE\/view?usp=drive_link\" target=\"_blank\" rel=\"noreferrer noopener\">Desc\u00e1rgate el cat\u00e1logo<\/a> .<\/strong><\/p>\n\n<p>Dis Berlin (Ciria, 1959) es m\u00e1s conocido por sus planteamientos figurativos, situados de lleno en la po\u00e9tica metaf\u00edsica. Sin embargo, las posibilidades que ofrece la abstracci\u00f3n, la geometr\u00eda como generadora de espacios mentales, efectos visuales caleidosc\u00f3picos o conexiones con una realidad c\u00f3smica, las ha explorado desde los inicios de su trayectoria. Esta exposici\u00f3n es una gran ocasi\u00f3n para admirar esta \u201cotra\u201d producci\u00f3n de Dis Berlin. La muestra est\u00e1 conformada por una selecci\u00f3n de obras, muchas de ellas in\u00e9ditas y otras poco conocidas, que invitan a reflexionar sobre los caminos de la abstracci\u00f3n y el concepto de la metamorfosis infinita.   <br\/><\/p>\n\n<p>\u00bfQu\u00e9 suceder\u00eda si reuni\u00e9semos alrededor de una mesa Jujol y Dis Berlin para tomar una copa de rataf\u00eda y conversar? El resultado ser\u00eda algo muy similar a esta exposici\u00f3n. La forma y su transmutaci\u00f3n constante e ilimitada es el hilo conductor sobre el que reflexionar y explorar caminos en los que la libertad, el poder de la intuici\u00f3n y, en ocasiones, el automatismo, rigen el acto creativo. Como Jujol, Dis Berlin es un arquitecto de las formas. Al igual que el art\u00edfice modernista, el pintor superpone l\u00ednea, ondulaci\u00f3n y color \u2013en ocasiones tambi\u00e9n collage\u2013 en la construcci\u00f3n de espacios y objetos. Esta afinidad a priori sorprendente y, sin duda, fortuita con el universo formal y creativo de Jujol, nos invita a construir una nueva mirada hacia la producci\u00f3n de Dis Berlin, quiz\u00e1s un Dis Berlin m\u00e1s libre y personal.     <br\/><\/p>\n\n<p><strong>Sergio Fuentes Mil\u00e0<\/strong><\/p>\n<style>.wp-block-kadence-advancedgallery .kb-gallery-type-masonry.kb-gallery-id-10886_650923-cb{margin:-5px;}.kb-gallery-type-masonry.kb-gallery-id-10886_650923-cb .kadence-blocks-gallery-item{padding:5px;}.kb-gallery-id-10886_650923-cb .kadence-blocks-gallery-item .kb-gal-image-radius, .kb-gallery-id-10886_650923-cb .kb-slide-item .kb-gal-image-radius img{border-radius:0px 0px 0px 0px;;}<\/style><div class=\"kb-gallery-wrap-id-10886_650923-cb alignnone wp-block-kadence-advancedgallery\"><ul class=\"kb-gallery-ul kb-gallery-non-static kb-gallery-type-masonry kb-masonry-init kb-gallery-id-10886_650923-cb kb-gallery-caption-style-bottom-hover kb-gallery-filter-none\" data-image-filter=\"none\" data-item-selector=\".kadence-blocks-gallery-item\" data-lightbox-caption=\"true\" data-columns-xxl=\"3\" data-columns-xl=\"3\" data-columns-md=\"3\" data-columns-sm=\"2\" data-columns-xs=\"1\" data-columns-ss=\"1\"><li class=\"kadence-blocks-gallery-item\" tabindex=\"0\"><div class=\"kadence-blocks-gallery-item-inner\"><figure class=\"kb-gallery-figure kadence-blocks-gallery-item-hide-caption\"><div class=\"kb-gal-image-radius\" style=\"max-width:320px;\"><div class=\"kb-gallery-image-contain kadence-blocks-gallery-intrinsic\" style=\"padding-bottom:150%;\"><img loading=\"lazy\" decoding=\"async\" src=\"https:\/\/centrejujolcannegre.cat\/wp-content\/uploads\/2025\/03\/El-monje.-1998.-Arcilla-esmaltada.-26-x-9-x-11-cm-aprox.png\" width=\"320\" height=\"480\" alt=\"\" data-full-image=\"https:\/\/centrejujolcannegre.cat\/wp-content\/uploads\/2025\/03\/El-monje.-1998.-Arcilla-esmaltada.-26-x-9-x-11-cm-aprox.png\" data-light-image=\"https:\/\/centrejujolcannegre.cat\/wp-content\/uploads\/2025\/03\/El-monje.-1998.-Arcilla-esmaltada.-26-x-9-x-11-cm-aprox.png\" data-id=\"10911\" class=\"wp-image-10911\" srcset=\"https:\/\/centrejujolcannegre.cat\/wp-content\/uploads\/2025\/03\/El-monje.-1998.-Arcilla-esmaltada.-26-x-9-x-11-cm-aprox.png 320w, https:\/\/centrejujolcannegre.cat\/wp-content\/uploads\/2025\/03\/El-monje.-1998.-Arcilla-esmaltada.-26-x-9-x-11-cm-aprox-200x300.png 200w\" sizes=\"auto, (max-width: 320px) 100vw, 320px\" \/><\/div><\/div><\/figure><\/div><\/li><li class=\"kadence-blocks-gallery-item\" tabindex=\"0\"><div class=\"kadence-blocks-gallery-item-inner\"><figure class=\"kb-gallery-figure kadence-blocks-gallery-item-hide-caption\"><div class=\"kb-gal-image-radius\" style=\"max-width:1024px;\"><div class=\"kb-gallery-image-contain kadence-blocks-gallery-intrinsic\" style=\"padding-bottom:74%;\"><img loading=\"lazy\" decoding=\"async\" src=\"https:\/\/centrejujolcannegre.cat\/wp-content\/uploads\/2025\/03\/Vacaciones-en-la-Tierra.-2008.-Oleo-algodon.-90x120-cm-scaled.jpg\" width=\"1024\" height=\"767\" alt=\"\" data-full-image=\"https:\/\/centrejujolcannegre.cat\/wp-content\/uploads\/2025\/03\/Vacaciones-en-la-Tierra.-2008.-Oleo-algodon.-90x120-cm-scaled.jpg\" data-light-image=\"https:\/\/centrejujolcannegre.cat\/wp-content\/uploads\/2025\/03\/Vacaciones-en-la-Tierra.-2008.-Oleo-algodon.-90x120-cm-scaled.jpg\" data-id=\"10905\" class=\"wp-image-10905\" srcset=\"https:\/\/centrejujolcannegre.cat\/wp-content\/uploads\/2025\/03\/Vacaciones-en-la-Tierra.-2008.-Oleo-algodon.-90x120-cm-scaled.jpg 1024w, https:\/\/centrejujolcannegre.cat\/wp-content\/uploads\/2025\/03\/Vacaciones-en-la-Tierra.-2008.-Oleo-algodon.-90x120-cm-300x225.jpg 300w, https:\/\/centrejujolcannegre.cat\/wp-content\/uploads\/2025\/03\/Vacaciones-en-la-Tierra.-2008.-Oleo-algodon.-90x120-cm-768x575.jpg 768w, https:\/\/centrejujolcannegre.cat\/wp-content\/uploads\/2025\/03\/Vacaciones-en-la-Tierra.-2008.-Oleo-algodon.-90x120-cm-1536x1150.jpg 1536w, https:\/\/centrejujolcannegre.cat\/wp-content\/uploads\/2025\/03\/Vacaciones-en-la-Tierra.-2008.-Oleo-algodon.-90x120-cm-2048x1534.jpg 2048w, https:\/\/centrejujolcannegre.cat\/wp-content\/uploads\/2025\/03\/Vacaciones-en-la-Tierra.-2008.-Oleo-algodon.-90x120-cm-600x449.jpg 600w\" sizes=\"auto, (max-width: 1024px) 100vw, 1024px\" \/><\/div><\/div><\/figure><\/div><\/li><li class=\"kadence-blocks-gallery-item\" tabindex=\"0\"><div class=\"kadence-blocks-gallery-item-inner\"><figure class=\"kb-gallery-figure kadence-blocks-gallery-item-hide-caption\"><div class=\"kb-gal-image-radius\" style=\"max-width:1024px;\"><div class=\"kb-gallery-image-contain kadence-blocks-gallery-intrinsic\" style=\"padding-bottom:68%;\"><img loading=\"lazy\" decoding=\"async\" src=\"https:\/\/centrejujolcannegre.cat\/wp-content\/uploads\/2025\/03\/paisaje-con-almas-scaled.jpg\" width=\"1024\" height=\"702\" alt=\"\" data-full-image=\"https:\/\/centrejujolcannegre.cat\/wp-content\/uploads\/2025\/03\/paisaje-con-almas-scaled.jpg\" data-light-image=\"https:\/\/centrejujolcannegre.cat\/wp-content\/uploads\/2025\/03\/paisaje-con-almas-scaled.jpg\" data-id=\"10899\" class=\"wp-image-10899\" srcset=\"https:\/\/centrejujolcannegre.cat\/wp-content\/uploads\/2025\/03\/paisaje-con-almas-scaled.jpg 1024w, https:\/\/centrejujolcannegre.cat\/wp-content\/uploads\/2025\/03\/paisaje-con-almas-300x206.jpg 300w, https:\/\/centrejujolcannegre.cat\/wp-content\/uploads\/2025\/03\/paisaje-con-almas-768x527.jpg 768w, https:\/\/centrejujolcannegre.cat\/wp-content\/uploads\/2025\/03\/paisaje-con-almas-1536x1053.jpg 1536w, https:\/\/centrejujolcannegre.cat\/wp-content\/uploads\/2025\/03\/paisaje-con-almas-2048x1404.jpg 2048w, https:\/\/centrejujolcannegre.cat\/wp-content\/uploads\/2025\/03\/paisaje-con-almas-600x411.jpg 600w\" sizes=\"auto, (max-width: 1024px) 100vw, 1024px\" \/><\/div><\/div><\/figure><\/div><\/li><li class=\"kadence-blocks-gallery-item\" tabindex=\"0\"><div class=\"kadence-blocks-gallery-item-inner\"><figure class=\"kb-gallery-figure kadence-blocks-gallery-item-hide-caption\"><div class=\"kb-gal-image-radius\" style=\"max-width:1024px;\"><div class=\"kb-gallery-image-contain kadence-blocks-gallery-intrinsic\" style=\"padding-bottom:75%;\"><img loading=\"lazy\" decoding=\"async\" src=\"https:\/\/centrejujolcannegre.cat\/wp-content\/uploads\/2025\/03\/Galaxia.-2003.-Oleo-_-algodon.-277-x-368-cm.jpg\" width=\"1024\" height=\"769\" alt=\"\" data-full-image=\"https:\/\/centrejujolcannegre.cat\/wp-content\/uploads\/2025\/03\/Galaxia.-2003.-Oleo-_-algodon.-277-x-368-cm.jpg\" data-light-image=\"https:\/\/centrejujolcannegre.cat\/wp-content\/uploads\/2025\/03\/Galaxia.-2003.-Oleo-_-algodon.-277-x-368-cm.jpg\" data-id=\"10893\" class=\"wp-image-10893\" srcset=\"https:\/\/centrejujolcannegre.cat\/wp-content\/uploads\/2025\/03\/Galaxia.-2003.-Oleo-_-algodon.-277-x-368-cm.jpg 1024w, https:\/\/centrejujolcannegre.cat\/wp-content\/uploads\/2025\/03\/Galaxia.-2003.-Oleo-_-algodon.-277-x-368-cm-300x225.jpg 300w, https:\/\/centrejujolcannegre.cat\/wp-content\/uploads\/2025\/03\/Galaxia.-2003.-Oleo-_-algodon.-277-x-368-cm-768x576.jpg 768w, https:\/\/centrejujolcannegre.cat\/wp-content\/uploads\/2025\/03\/Galaxia.-2003.-Oleo-_-algodon.-277-x-368-cm-600x450.jpg 600w\" sizes=\"auto, (max-width: 1024px) 100vw, 1024px\" \/><\/div><\/div><\/figure><\/div><\/li><li class=\"kadence-blocks-gallery-item\" tabindex=\"0\"><div class=\"kadence-blocks-gallery-item-inner\"><figure class=\"kb-gallery-figure kadence-blocks-gallery-item-hide-caption\"><div class=\"kb-gal-image-radius\" style=\"max-width:375px;\"><div class=\"kb-gallery-image-contain kadence-blocks-gallery-intrinsic\" style=\"padding-bottom:66%;\"><img loading=\"lazy\" decoding=\"async\" src=\"https:\/\/centrejujolcannegre.cat\/wp-content\/uploads\/2025\/03\/Alma-cansada.-1998.-Arcilla-esmaltada.-13-x-30-x-12-cm.png\" width=\"375\" height=\"250\" alt=\"\" data-full-image=\"https:\/\/centrejujolcannegre.cat\/wp-content\/uploads\/2025\/03\/Alma-cansada.-1998.-Arcilla-esmaltada.-13-x-30-x-12-cm.png\" data-light-image=\"https:\/\/centrejujolcannegre.cat\/wp-content\/uploads\/2025\/03\/Alma-cansada.-1998.-Arcilla-esmaltada.-13-x-30-x-12-cm.png\" data-id=\"10890\" class=\"wp-image-10890\" srcset=\"https:\/\/centrejujolcannegre.cat\/wp-content\/uploads\/2025\/03\/Alma-cansada.-1998.-Arcilla-esmaltada.-13-x-30-x-12-cm.png 375w, https:\/\/centrejujolcannegre.cat\/wp-content\/uploads\/2025\/03\/Alma-cansada.-1998.-Arcilla-esmaltada.-13-x-30-x-12-cm-300x200.png 300w\" sizes=\"auto, (max-width: 375px) 100vw, 375px\" \/><\/div><\/div><\/figure><\/div><\/li><\/ul><\/div>","protected":false},"excerpt":{"rendered":"<p>Del 13 de marzo al 4 de mayo de 2025 Inauguraci\u00f3n, 13 de marzo de 2025 a las 19:30 h Visita guiada a \u201cMetamorfosis infinita\u201d de Dis Berlin, a cargo de Sergio Fuentes Mil\u00e0, comisario de la exposici\u00f3n: 7 de abril a las 19:00 horas. Para realizar la reserva, clica aqu\u00ed . Actividad familiar de&#8230;<\/p>\n","protected":false},"author":1067,"featured_media":10898,"comment_status":"closed","ping_status":"closed","sticky":false,"template":"","format":"standard","meta":{"inline_featured_image":false,"_kad_blocks_custom_css":"","_kad_blocks_head_custom_js":"","_kad_blocks_body_custom_js":"","_kad_blocks_footer_custom_js":"","_kad_post_transparent":"","_kad_post_title":"","_kad_post_layout":"","_kad_post_sidebar_id":"","_kad_post_content_style":"","_kad_post_vertical_padding":"","_kad_post_feature":"","_kad_post_feature_position":"","_kad_post_header":false,"_kad_post_footer":false,"_kad_post_classname":"","footnotes":""},"categories":[356],"tags":[],"class_list":["post-11944","post","type-post","status-publish","format-standard","has-post-thumbnail","hentry","category-exposiciones-es"],"yoast_head":"<!-- This site is optimized with the Yoast SEO plugin v27.5 - https:\/\/yoast.com\/product\/yoast-seo-wordpress\/ -->\n<title>Metamorfosis infinita, de Dis Berlin - Plataforma Centre Jujol - Can Negre<\/title>\n<meta name=\"robots\" content=\"index, follow, max-snippet:-1, max-image-preview:large, max-video-preview:-1\" \/>\n<link rel=\"canonical\" href=\"https:\/\/centrejujolcannegre.cat\/es\/metamorfosis-infinita-de-dis-berlin\/\" \/>\n<meta property=\"og:locale\" content=\"es_ES\" \/>\n<meta property=\"og:type\" content=\"article\" \/>\n<meta property=\"og:title\" content=\"Metamorfosis infinita, de Dis Berlin - Plataforma Centre Jujol - Can Negre\" \/>\n<meta property=\"og:description\" content=\"Del 13 de marzo al 4 de mayo de 2025 Inauguraci\u00f3n, 13 de marzo de 2025 a las 19:30 h Visita guiada a \u201cMetamorfosis infinita\u201d de Dis Berlin, a cargo de Sergio Fuentes Mil\u00e0, comisario de la exposici\u00f3n: 7 de abril a las 19:00 horas. Para realizar la reserva, clica aqu\u00ed . Actividad familiar de...\" \/>\n<meta property=\"og:url\" content=\"https:\/\/centrejujolcannegre.cat\/es\/metamorfosis-infinita-de-dis-berlin\/\" \/>\n<meta property=\"og:site_name\" content=\"Plataforma Centre Jujol - Can Negre\" \/>\n<meta property=\"article:publisher\" content=\"https:\/\/www.facebook.com\/cannegre\" \/>\n<meta property=\"article:published_time\" content=\"2025-03-04T09:53:29+00:00\" \/>\n<meta property=\"article:modified_time\" content=\"2025-04-09T11:23:23+00:00\" \/>\n<meta property=\"og:image\" content=\"https:\/\/centrejujolcannegre.cat\/wp-content\/uploads\/2025\/03\/Inspiracion-y-lujuria.-2006-07.-Collag-_-papel-serigrafiado.-47-x-623-cm-scaled.jpg\" \/>\n\t<meta property=\"og:image:width\" content=\"2560\" \/>\n\t<meta property=\"og:image:height\" content=\"1937\" \/>\n\t<meta property=\"og:image:type\" content=\"image\/jpeg\" \/>\n<meta name=\"author\" content=\"M\u00f3nica Barahona Pascual\" \/>\n<meta name=\"twitter:card\" content=\"summary_large_image\" \/>\n<meta name=\"twitter:creator\" content=\"@cannegresjd\" \/>\n<meta name=\"twitter:site\" content=\"@cannegresjd\" \/>\n<meta name=\"twitter:label1\" content=\"Escrito por\" \/>\n\t<meta name=\"twitter:data1\" content=\"M\u00f3nica Barahona Pascual\" \/>\n\t<meta name=\"twitter:label2\" content=\"Tiempo de lectura\" \/>\n\t<meta name=\"twitter:data2\" content=\"2 minutos\" \/>\n<script type=\"application\/ld+json\" class=\"yoast-schema-graph\">{\"@context\":\"https:\\\/\\\/schema.org\",\"@graph\":[{\"@type\":\"Article\",\"@id\":\"https:\\\/\\\/centrejujolcannegre.cat\\\/es\\\/metamorfosis-infinita-de-dis-berlin\\\/#article\",\"isPartOf\":{\"@id\":\"https:\\\/\\\/centrejujolcannegre.cat\\\/es\\\/metamorfosis-infinita-de-dis-berlin\\\/\"},\"author\":{\"name\":\"M\u00f3nica Barahona Pascual\",\"@id\":\"https:\\\/\\\/centrejujolcannegre.cat\\\/es\\\/#\\\/schema\\\/person\\\/174733455c82bd88c7ba70710d7145f4\"},\"headline\":\"Metamorfosis infinita, de Dis Berlin\",\"datePublished\":\"2025-03-04T09:53:29+00:00\",\"dateModified\":\"2025-04-09T11:23:23+00:00\",\"mainEntityOfPage\":{\"@id\":\"https:\\\/\\\/centrejujolcannegre.cat\\\/es\\\/metamorfosis-infinita-de-dis-berlin\\\/\"},\"wordCount\":343,\"publisher\":{\"@id\":\"https:\\\/\\\/centrejujolcannegre.cat\\\/es\\\/#organization\"},\"image\":{\"@id\":\"https:\\\/\\\/centrejujolcannegre.cat\\\/es\\\/metamorfosis-infinita-de-dis-berlin\\\/#primaryimage\"},\"thumbnailUrl\":\"https:\\\/\\\/centrejujolcannegre.cat\\\/wp-content\\\/uploads\\\/2025\\\/03\\\/Inspiracion-y-lujuria.-2006-07.-Collag-_-papel-serigrafiado.-47-x-623-cm-scaled.jpg\",\"articleSection\":[\"Exposiciones\"],\"inLanguage\":\"es\"},{\"@type\":\"WebPage\",\"@id\":\"https:\\\/\\\/centrejujolcannegre.cat\\\/es\\\/metamorfosis-infinita-de-dis-berlin\\\/\",\"url\":\"https:\\\/\\\/centrejujolcannegre.cat\\\/es\\\/metamorfosis-infinita-de-dis-berlin\\\/\",\"name\":\"Metamorfosis infinita, de Dis Berlin - Plataforma Centre Jujol - Can Negre\",\"isPartOf\":{\"@id\":\"https:\\\/\\\/centrejujolcannegre.cat\\\/es\\\/#website\"},\"primaryImageOfPage\":{\"@id\":\"https:\\\/\\\/centrejujolcannegre.cat\\\/es\\\/metamorfosis-infinita-de-dis-berlin\\\/#primaryimage\"},\"image\":{\"@id\":\"https:\\\/\\\/centrejujolcannegre.cat\\\/es\\\/metamorfosis-infinita-de-dis-berlin\\\/#primaryimage\"},\"thumbnailUrl\":\"https:\\\/\\\/centrejujolcannegre.cat\\\/wp-content\\\/uploads\\\/2025\\\/03\\\/Inspiracion-y-lujuria.-2006-07.-Collag-_-papel-serigrafiado.-47-x-623-cm-scaled.jpg\",\"datePublished\":\"2025-03-04T09:53:29+00:00\",\"dateModified\":\"2025-04-09T11:23:23+00:00\",\"breadcrumb\":{\"@id\":\"https:\\\/\\\/centrejujolcannegre.cat\\\/es\\\/metamorfosis-infinita-de-dis-berlin\\\/#breadcrumb\"},\"inLanguage\":\"es\",\"potentialAction\":[{\"@type\":\"ReadAction\",\"target\":[\"https:\\\/\\\/centrejujolcannegre.cat\\\/es\\\/metamorfosis-infinita-de-dis-berlin\\\/\"]}]},{\"@type\":\"ImageObject\",\"inLanguage\":\"es\",\"@id\":\"https:\\\/\\\/centrejujolcannegre.cat\\\/es\\\/metamorfosis-infinita-de-dis-berlin\\\/#primaryimage\",\"url\":\"https:\\\/\\\/centrejujolcannegre.cat\\\/wp-content\\\/uploads\\\/2025\\\/03\\\/Inspiracion-y-lujuria.-2006-07.-Collag-_-papel-serigrafiado.-47-x-623-cm-scaled.jpg\",\"contentUrl\":\"https:\\\/\\\/centrejujolcannegre.cat\\\/wp-content\\\/uploads\\\/2025\\\/03\\\/Inspiracion-y-lujuria.-2006-07.-Collag-_-papel-serigrafiado.-47-x-623-cm-scaled.jpg\",\"width\":2560,\"height\":1937},{\"@type\":\"BreadcrumbList\",\"@id\":\"https:\\\/\\\/centrejujolcannegre.cat\\\/es\\\/metamorfosis-infinita-de-dis-berlin\\\/#breadcrumb\",\"itemListElement\":[{\"@type\":\"ListItem\",\"position\":1,\"name\":\"Portada\",\"item\":\"https:\\\/\\\/centrejujolcannegre.cat\\\/es\\\/\"},{\"@type\":\"ListItem\",\"position\":2,\"name\":\"Metamorfosis infinita, de Dis Berlin\"}]},{\"@type\":\"WebSite\",\"@id\":\"https:\\\/\\\/centrejujolcannegre.cat\\\/es\\\/#website\",\"url\":\"https:\\\/\\\/centrejujolcannegre.cat\\\/es\\\/\",\"name\":\"Plataforma Centre Jujol - Can Negre\",\"description\":\"Plataforma de venta d&#039;entradas d&#039;activitats, exposicions i circuits culturals a Museus i l&#039;Escola d&#039;Art de de Sant Joan Desp\u00ed\",\"publisher\":{\"@id\":\"https:\\\/\\\/centrejujolcannegre.cat\\\/es\\\/#organization\"},\"potentialAction\":[{\"@type\":\"SearchAction\",\"target\":{\"@type\":\"EntryPoint\",\"urlTemplate\":\"https:\\\/\\\/centrejujolcannegre.cat\\\/es\\\/?s={search_term_string}\"},\"query-input\":{\"@type\":\"PropertyValueSpecification\",\"valueRequired\":true,\"valueName\":\"search_term_string\"}}],\"inLanguage\":\"es\"},{\"@type\":\"Organization\",\"@id\":\"https:\\\/\\\/centrejujolcannegre.cat\\\/es\\\/#organization\",\"name\":\"Centre Jujol - Can Negre\",\"url\":\"https:\\\/\\\/centrejujolcannegre.cat\\\/es\\\/\",\"logo\":{\"@type\":\"ImageObject\",\"inLanguage\":\"es\",\"@id\":\"https:\\\/\\\/centrejujolcannegre.cat\\\/es\\\/#\\\/schema\\\/logo\\\/image\\\/\",\"url\":\"https:\\\/\\\/centrejujolcannegre.cat\\\/wp-content\\\/uploads\\\/2024\\\/05\\\/logo-centre-jujol-can-negre.svg\",\"contentUrl\":\"https:\\\/\\\/centrejujolcannegre.cat\\\/wp-content\\\/uploads\\\/2024\\\/05\\\/logo-centre-jujol-can-negre.svg\",\"caption\":\"Centre Jujol - Can Negre\"},\"image\":{\"@id\":\"https:\\\/\\\/centrejujolcannegre.cat\\\/es\\\/#\\\/schema\\\/logo\\\/image\\\/\"},\"sameAs\":[\"https:\\\/\\\/www.facebook.com\\\/cannegre\",\"https:\\\/\\\/x.com\\\/cannegresjd\"]},{\"@type\":\"Person\",\"@id\":\"https:\\\/\\\/centrejujolcannegre.cat\\\/es\\\/#\\\/schema\\\/person\\\/174733455c82bd88c7ba70710d7145f4\",\"name\":\"M\u00f3nica Barahona Pascual\",\"image\":{\"@type\":\"ImageObject\",\"inLanguage\":\"es\",\"@id\":\"https:\\\/\\\/secure.gravatar.com\\\/avatar\\\/b5e186611bc64474985d48d6199ef277edfdb2cf509ad7718183ee58633e0116?s=96&d=mm&r=g\",\"url\":\"https:\\\/\\\/secure.gravatar.com\\\/avatar\\\/b5e186611bc64474985d48d6199ef277edfdb2cf509ad7718183ee58633e0116?s=96&d=mm&r=g\",\"contentUrl\":\"https:\\\/\\\/secure.gravatar.com\\\/avatar\\\/b5e186611bc64474985d48d6199ef277edfdb2cf509ad7718183ee58633e0116?s=96&d=mm&r=g\",\"caption\":\"M\u00f3nica Barahona Pascual\"}}]}<\/script>\n<!-- \/ Yoast SEO plugin. -->","yoast_head_json":{"title":"Metamorfosis infinita, de Dis Berlin - Plataforma Centre Jujol - Can Negre","robots":{"index":"index","follow":"follow","max-snippet":"max-snippet:-1","max-image-preview":"max-image-preview:large","max-video-preview":"max-video-preview:-1"},"canonical":"https:\/\/centrejujolcannegre.cat\/es\/metamorfosis-infinita-de-dis-berlin\/","og_locale":"es_ES","og_type":"article","og_title":"Metamorfosis infinita, de Dis Berlin - Plataforma Centre Jujol - Can Negre","og_description":"Del 13 de marzo al 4 de mayo de 2025 Inauguraci\u00f3n, 13 de marzo de 2025 a las 19:30 h Visita guiada a \u201cMetamorfosis infinita\u201d de Dis Berlin, a cargo de Sergio Fuentes Mil\u00e0, comisario de la exposici\u00f3n: 7 de abril a las 19:00 horas. Para realizar la reserva, clica aqu\u00ed . Actividad familiar de...","og_url":"https:\/\/centrejujolcannegre.cat\/es\/metamorfosis-infinita-de-dis-berlin\/","og_site_name":"Plataforma Centre Jujol - Can Negre","article_publisher":"https:\/\/www.facebook.com\/cannegre","article_published_time":"2025-03-04T09:53:29+00:00","article_modified_time":"2025-04-09T11:23:23+00:00","og_image":[{"width":2560,"height":1937,"url":"https:\/\/centrejujolcannegre.cat\/wp-content\/uploads\/2025\/03\/Inspiracion-y-lujuria.-2006-07.-Collag-_-papel-serigrafiado.-47-x-623-cm-scaled.jpg","type":"image\/jpeg"}],"author":"M\u00f3nica Barahona Pascual","twitter_card":"summary_large_image","twitter_creator":"@cannegresjd","twitter_site":"@cannegresjd","twitter_misc":{"Escrito por":"M\u00f3nica Barahona Pascual","Tiempo de lectura":"2 minutos"},"schema":{"@context":"https:\/\/schema.org","@graph":[{"@type":"Article","@id":"https:\/\/centrejujolcannegre.cat\/es\/metamorfosis-infinita-de-dis-berlin\/#article","isPartOf":{"@id":"https:\/\/centrejujolcannegre.cat\/es\/metamorfosis-infinita-de-dis-berlin\/"},"author":{"name":"M\u00f3nica Barahona Pascual","@id":"https:\/\/centrejujolcannegre.cat\/es\/#\/schema\/person\/174733455c82bd88c7ba70710d7145f4"},"headline":"Metamorfosis infinita, de Dis Berlin","datePublished":"2025-03-04T09:53:29+00:00","dateModified":"2025-04-09T11:23:23+00:00","mainEntityOfPage":{"@id":"https:\/\/centrejujolcannegre.cat\/es\/metamorfosis-infinita-de-dis-berlin\/"},"wordCount":343,"publisher":{"@id":"https:\/\/centrejujolcannegre.cat\/es\/#organization"},"image":{"@id":"https:\/\/centrejujolcannegre.cat\/es\/metamorfosis-infinita-de-dis-berlin\/#primaryimage"},"thumbnailUrl":"https:\/\/centrejujolcannegre.cat\/wp-content\/uploads\/2025\/03\/Inspiracion-y-lujuria.-2006-07.-Collag-_-papel-serigrafiado.-47-x-623-cm-scaled.jpg","articleSection":["Exposiciones"],"inLanguage":"es"},{"@type":"WebPage","@id":"https:\/\/centrejujolcannegre.cat\/es\/metamorfosis-infinita-de-dis-berlin\/","url":"https:\/\/centrejujolcannegre.cat\/es\/metamorfosis-infinita-de-dis-berlin\/","name":"Metamorfosis infinita, de Dis Berlin - Plataforma Centre Jujol - Can Negre","isPartOf":{"@id":"https:\/\/centrejujolcannegre.cat\/es\/#website"},"primaryImageOfPage":{"@id":"https:\/\/centrejujolcannegre.cat\/es\/metamorfosis-infinita-de-dis-berlin\/#primaryimage"},"image":{"@id":"https:\/\/centrejujolcannegre.cat\/es\/metamorfosis-infinita-de-dis-berlin\/#primaryimage"},"thumbnailUrl":"https:\/\/centrejujolcannegre.cat\/wp-content\/uploads\/2025\/03\/Inspiracion-y-lujuria.-2006-07.-Collag-_-papel-serigrafiado.-47-x-623-cm-scaled.jpg","datePublished":"2025-03-04T09:53:29+00:00","dateModified":"2025-04-09T11:23:23+00:00","breadcrumb":{"@id":"https:\/\/centrejujolcannegre.cat\/es\/metamorfosis-infinita-de-dis-berlin\/#breadcrumb"},"inLanguage":"es","potentialAction":[{"@type":"ReadAction","target":["https:\/\/centrejujolcannegre.cat\/es\/metamorfosis-infinita-de-dis-berlin\/"]}]},{"@type":"ImageObject","inLanguage":"es","@id":"https:\/\/centrejujolcannegre.cat\/es\/metamorfosis-infinita-de-dis-berlin\/#primaryimage","url":"https:\/\/centrejujolcannegre.cat\/wp-content\/uploads\/2025\/03\/Inspiracion-y-lujuria.-2006-07.-Collag-_-papel-serigrafiado.-47-x-623-cm-scaled.jpg","contentUrl":"https:\/\/centrejujolcannegre.cat\/wp-content\/uploads\/2025\/03\/Inspiracion-y-lujuria.-2006-07.-Collag-_-papel-serigrafiado.-47-x-623-cm-scaled.jpg","width":2560,"height":1937},{"@type":"BreadcrumbList","@id":"https:\/\/centrejujolcannegre.cat\/es\/metamorfosis-infinita-de-dis-berlin\/#breadcrumb","itemListElement":[{"@type":"ListItem","position":1,"name":"Portada","item":"https:\/\/centrejujolcannegre.cat\/es\/"},{"@type":"ListItem","position":2,"name":"Metamorfosis infinita, de Dis Berlin"}]},{"@type":"WebSite","@id":"https:\/\/centrejujolcannegre.cat\/es\/#website","url":"https:\/\/centrejujolcannegre.cat\/es\/","name":"Plataforma Centre Jujol - Can Negre","description":"Plataforma de venta d&#039;entradas d&#039;activitats, exposicions i circuits culturals a Museus i l&#039;Escola d&#039;Art de de Sant Joan Desp\u00ed","publisher":{"@id":"https:\/\/centrejujolcannegre.cat\/es\/#organization"},"potentialAction":[{"@type":"SearchAction","target":{"@type":"EntryPoint","urlTemplate":"https:\/\/centrejujolcannegre.cat\/es\/?s={search_term_string}"},"query-input":{"@type":"PropertyValueSpecification","valueRequired":true,"valueName":"search_term_string"}}],"inLanguage":"es"},{"@type":"Organization","@id":"https:\/\/centrejujolcannegre.cat\/es\/#organization","name":"Centre Jujol - Can Negre","url":"https:\/\/centrejujolcannegre.cat\/es\/","logo":{"@type":"ImageObject","inLanguage":"es","@id":"https:\/\/centrejujolcannegre.cat\/es\/#\/schema\/logo\/image\/","url":"https:\/\/centrejujolcannegre.cat\/wp-content\/uploads\/2024\/05\/logo-centre-jujol-can-negre.svg","contentUrl":"https:\/\/centrejujolcannegre.cat\/wp-content\/uploads\/2024\/05\/logo-centre-jujol-can-negre.svg","caption":"Centre Jujol - Can Negre"},"image":{"@id":"https:\/\/centrejujolcannegre.cat\/es\/#\/schema\/logo\/image\/"},"sameAs":["https:\/\/www.facebook.com\/cannegre","https:\/\/x.com\/cannegresjd"]},{"@type":"Person","@id":"https:\/\/centrejujolcannegre.cat\/es\/#\/schema\/person\/174733455c82bd88c7ba70710d7145f4","name":"M\u00f3nica Barahona Pascual","image":{"@type":"ImageObject","inLanguage":"es","@id":"https:\/\/secure.gravatar.com\/avatar\/b5e186611bc64474985d48d6199ef277edfdb2cf509ad7718183ee58633e0116?s=96&d=mm&r=g","url":"https:\/\/secure.gravatar.com\/avatar\/b5e186611bc64474985d48d6199ef277edfdb2cf509ad7718183ee58633e0116?s=96&d=mm&r=g","contentUrl":"https:\/\/secure.gravatar.com\/avatar\/b5e186611bc64474985d48d6199ef277edfdb2cf509ad7718183ee58633e0116?s=96&d=mm&r=g","caption":"M\u00f3nica Barahona Pascual"}}]}},"taxonomy_info":{"category":[{"value":356,"label":"Exposiciones"}]},"featured_image_src_large":["https:\/\/centrejujolcannegre.cat\/wp-content\/uploads\/2025\/03\/Inspiracion-y-lujuria.-2006-07.-Collag-_-papel-serigrafiado.-47-x-623-cm-1024x775.jpg",1024,775,true],"author_info":{"display_name":"M\u00f3nica Barahona Pascual","author_link":"https:\/\/centrejujolcannegre.cat\/es\/author\/monicabp\/"},"comment_info":0,"category_info":[{"term_id":356,"name":"Exposiciones","slug":"exposiciones-es","term_group":0,"term_taxonomy_id":356,"taxonomy":"category","description":"","parent":0,"count":19,"filter":"raw","cat_ID":356,"category_count":19,"category_description":"","cat_name":"Exposiciones","category_nicename":"exposiciones-es","category_parent":0}],"tag_info":false,"_links":{"self":[{"href":"https:\/\/centrejujolcannegre.cat\/es\/wp-json\/wp\/v2\/posts\/11944","targetHints":{"allow":["GET"]}}],"collection":[{"href":"https:\/\/centrejujolcannegre.cat\/es\/wp-json\/wp\/v2\/posts"}],"about":[{"href":"https:\/\/centrejujolcannegre.cat\/es\/wp-json\/wp\/v2\/types\/post"}],"author":[{"embeddable":true,"href":"https:\/\/centrejujolcannegre.cat\/es\/wp-json\/wp\/v2\/users\/1067"}],"replies":[{"embeddable":true,"href":"https:\/\/centrejujolcannegre.cat\/es\/wp-json\/wp\/v2\/comments?post=11944"}],"version-history":[{"count":4,"href":"https:\/\/centrejujolcannegre.cat\/es\/wp-json\/wp\/v2\/posts\/11944\/revisions"}],"predecessor-version":[{"id":12141,"href":"https:\/\/centrejujolcannegre.cat\/es\/wp-json\/wp\/v2\/posts\/11944\/revisions\/12141"}],"wp:featuredmedia":[{"embeddable":true,"href":"https:\/\/centrejujolcannegre.cat\/es\/wp-json\/wp\/v2\/media\/10898"}],"wp:attachment":[{"href":"https:\/\/centrejujolcannegre.cat\/es\/wp-json\/wp\/v2\/media?parent=11944"}],"wp:term":[{"taxonomy":"category","embeddable":true,"href":"https:\/\/centrejujolcannegre.cat\/es\/wp-json\/wp\/v2\/categories?post=11944"},{"taxonomy":"post_tag","embeddable":true,"href":"https:\/\/centrejujolcannegre.cat\/es\/wp-json\/wp\/v2\/tags?post=11944"}],"curies":[{"name":"wp","href":"https:\/\/api.w.org\/{rel}","templated":true}]}}