{"id":14763,"date":"2025-06-16T13:13:34","date_gmt":"2025-06-16T11:13:34","guid":{"rendered":"https:\/\/centrejujolcannegre.cat\/xxxii-edicion-artistas-de-sant-joan-despi\/"},"modified":"2025-06-25T18:57:39","modified_gmt":"2025-06-25T16:57:39","slug":"xxxii-edicion-artistas-de-sant-joan-despi","status":"publish","type":"post","link":"https:\/\/centrejujolcannegre.cat\/es\/xxxii-edicion-artistas-de-sant-joan-despi\/","title":{"rendered":"XXXII Edici\u00f3n Artistas de Sant Joan Desp\u00ed"},"content":{"rendered":"\n<p>Del 18 de junio al 13 de julio de 2025<\/p>\n\n<p>Inaguraci\u00f3n d\u00eda 18 de junio de 2025 a las 20h<\/p>\n\n<p>En el marco de la Fiesta Mayor, presentamos la XXXII edici\u00f3n de la exposici\u00f3n de los y las artistas de Sant Joan Desp\u00ed. El Centro Jujol-Can Negre se llenar\u00e1 de m\u00e1s de una cincuentena de obras de arte. Podremos encontrar fotograf\u00eda, pintura, cer\u00e1mica&#8230;  <\/p>\n\n<p>Las diferentes propuestas de este a\u00f1o de nuevo nos har\u00e1n contemplar de forma original las diferentes t\u00e9cnicas art\u00edsticas expuestas. Cada pieza, dentro de su singularidad, aporta arte y cultura a la ciudad de Sant Joan Desp\u00ed. <\/p>\n\n<figure class=\"wp-block-image size-full\"><img loading=\"lazy\" decoding=\"async\" width=\"400\" height=\"400\" src=\"https:\/\/centrejujolcannegre.cat\/wp-content\/uploads\/2025\/06\/image-1-edited.png\" alt=\"\" class=\"wp-image-14389\" srcset=\"https:\/\/centrejujolcannegre.cat\/wp-content\/uploads\/2025\/06\/image-1-edited.png 400w, https:\/\/centrejujolcannegre.cat\/wp-content\/uploads\/2025\/06\/image-1-edited-300x300.png 300w, https:\/\/centrejujolcannegre.cat\/wp-content\/uploads\/2025\/06\/image-1-edited-150x150.png 150w, https:\/\/centrejujolcannegre.cat\/wp-content\/uploads\/2025\/06\/image-1-edited-100x100.png 100w\" sizes=\"auto, (max-width: 400px) 100vw, 400px\" \/><\/figure>\n\n<p><em>El arte no reproduce lo que es visible sino que hace visible lo que no siempre lo es.<\/em><br \/> &#8211; <em>Paul Klee<\/em><\/p>\n\n<div class=\"wp-block-columns is-layout-flex wp-container-core-columns-is-layout-9d6595d7 wp-block-columns-is-layout-flex\">\n<div class=\"wp-block-column is-layout-flow wp-block-column-is-layout-flow\"><\/div>\n\n\n\n<div class=\"wp-block-column is-layout-flow wp-block-column-is-layout-flow\"><\/div>\n\n\n\n<div class=\"wp-block-column is-layout-flow wp-block-column-is-layout-flow\"><\/div>\n<\/div>\n\n<div class=\"wp-block-columns is-layout-flex wp-container-core-columns-is-layout-9d6595d7 wp-block-columns-is-layout-flex\">\n<div class=\"wp-block-column is-layout-flow wp-block-column-is-layout-flow\">\n<p><strong><mark class=\"has-inline-color has-theme-palette-1-color\">Participantes  <\/mark><\/strong><\/p>\n\n\n\n<p><\/p>\n\n\n\n<ul class=\"wp-block-list\">\n<li>Rubens Tosi<\/li>\n\n\n\n<li>Maite Nieto<\/li>\n\n\n\n<li>Sergio Bejarano<\/li>\n\n\n\n<li>Lu\u00eds Polo<\/li>\n\n\n\n<li>Esther Xandri<\/li>\n\n\n\n<li>In\u00e9s Laborda<\/li>\n\n\n\n<li>Sebasti\u00e0 Ravent\u00f3s<\/li>\n\n\n\n<li>Ana M. Polo<\/li>\n\n\n\n<li>Elena Garc\u00eda<\/li>\n\n\n\n<li>M\u00f3nica Sistac<\/li>\n\n\n\n<li>Milagros Parra<\/li>\n\n\n\n<li>Enric Mir<\/li>\n\n\n\n<li>Nuria Golferichs<\/li>\n\n\n\n<li>Montserrat Malet<\/li>\n\n\n\n<li>M. Lucrecia Vallejos<\/li>\n\n\n\n<li>Isabel Cebri\u00e1n<\/li>\n<\/ul>\n<\/div>\n\n\n\n<div class=\"wp-block-column is-layout-flow wp-block-column-is-layout-flow\">\n<p><\/p>\n\n\n\n<ul class=\"wp-block-list\">\n<li>Yolanda Cordero<\/li>\n\n\n\n<li>Ra\u00fal Sanz<\/li>\n\n\n\n<li>Joan Ros<\/li>\n\n\n\n<li>Franco Barabucci<\/li>\n\n\n\n<li>Pilar Rodr\u00edguez<\/li>\n\n\n\n<li>Roser Roca<\/li>\n\n\n\n<li>Josep M. Mateu<\/li>\n\n\n\n<li>Encarna Torell\u00f3<\/li>\n\n\n\n<li>Fernando Vivancos<\/li>\n\n\n\n<li>Soa Isus<\/li>\n\n\n\n<li>M\u00f3nica Piqu\u00e9<\/li>\n\n\n\n<li>Laura Ad\u00e1n<\/li>\n\n\n\n<li>Yolanda Maldonado<\/li>\n\n\n\n<li>M. Nieves Berdullas<\/li>\n\n\n\n<li>Sylvia Obreg\u00f3n<\/li>\n\n\n\n<li>Jos\u00e9 Lu\u00eds Parada<\/li>\n\n\n\n<li>Toni Cald\u00e9s<\/li>\n\n\n\n<li>Juan Antonio Zambrano<\/li>\n\n\n\n<li>Cristina Maza<\/li>\n<\/ul>\n<\/div>\n\n\n\n<div class=\"wp-block-column is-layout-flow wp-block-column-is-layout-flow\">\n<p><\/p>\n\n\n\n<ul class=\"wp-block-list\">\n<li>Yolanda Losa<\/li>\n\n\n\n<li>Emiliano Sierra<\/li>\n\n\n\n<li>Mar\u00eda Ceballos<\/li>\n\n\n\n<li>Tania Anguita<\/li>\n\n\n\n<li>Pere Anton Parellada<\/li>\n\n\n\n<li>Juana Moya<\/li>\n\n\n\n<li>Rafael Ram\u00f3n Fern\u00e1ndez<\/li>\n\n\n\n<li>Antonio Bueno<\/li>\n\n\n\n<li>Francesca Estrad\u00e9<\/li>\n\n\n\n<li>Ram\u00f3n Bonjoch<\/li>\n\n\n\n<li>Natalia Jurado<\/li>\n\n\n\n<li>Antonio Carrasco<\/li>\n\n\n\n<li>Ram\u00f3n Claver<\/li>\n\n\n\n<li>Carmen Herb\u00f3n<\/li>\n\n\n\n<li>Mar\u00eda Jos\u00e9 L\u00f3pez<\/li>\n\n\n\n<li>Lola Garc\u00eda<\/li>\n\n\n\n<li>Mar\u00eda Carcereny<\/li>\n\n\n\n<li>Jaume Fort<\/li>\n\n\n\n<li>M. Teresa Tuset<\/li>\n<\/ul>\n<\/div>\n<\/div>\n\n<p><\/p>\n","protected":false},"excerpt":{"rendered":"<p>Del 18 de junio al 13 de julio de 2025 Inaguraci\u00f3n d\u00eda 18 de junio de 2025 a las 20h En el marco de la Fiesta Mayor, presentamos la XXXII edici\u00f3n de la exposici\u00f3n de los y las artistas de Sant Joan Desp\u00ed. El Centro Jujol-Can Negre se llenar\u00e1 de m\u00e1s de una cincuentena de&#8230;<\/p>\n","protected":false},"author":1067,"featured_media":14382,"comment_status":"closed","ping_status":"closed","sticky":false,"template":"","format":"standard","meta":{"inline_featured_image":false,"_kad_blocks_custom_css":"","_kad_blocks_head_custom_js":"","_kad_blocks_body_custom_js":"","_kad_blocks_footer_custom_js":"","_kad_post_transparent":"","_kad_post_title":"","_kad_post_layout":"","_kad_post_sidebar_id":"","_kad_post_content_style":"","_kad_post_vertical_padding":"","_kad_post_feature":"","_kad_post_feature_position":"","_kad_post_header":false,"_kad_post_footer":false,"_kad_post_classname":"","footnotes":""},"categories":[356],"tags":[],"class_list":["post-14763","post","type-post","status-publish","format-standard","has-post-thumbnail","hentry","category-exposiciones-es"],"yoast_head":"<!-- This site is optimized with the Yoast SEO plugin v27.5 - https:\/\/yoast.com\/product\/yoast-seo-wordpress\/ -->\n<title>XXXII Edici\u00f3n Artistas de Sant Joan Desp\u00ed - Plataforma Centre Jujol - Can Negre<\/title>\n<meta name=\"robots\" content=\"index, follow, max-snippet:-1, max-image-preview:large, max-video-preview:-1\" \/>\n<link rel=\"canonical\" href=\"https:\/\/centrejujolcannegre.cat\/es\/xxxii-edicion-artistas-de-sant-joan-despi\/\" \/>\n<meta property=\"og:locale\" content=\"es_ES\" \/>\n<meta property=\"og:type\" content=\"article\" \/>\n<meta property=\"og:title\" content=\"XXXII Edici\u00f3n Artistas de Sant Joan Desp\u00ed - Plataforma Centre Jujol - Can Negre\" \/>\n<meta property=\"og:description\" content=\"Del 18 de junio al 13 de julio de 2025 Inaguraci\u00f3n d\u00eda 18 de junio de 2025 a las 20h En el marco de la Fiesta Mayor, presentamos la XXXII edici\u00f3n de la exposici\u00f3n de los y las artistas de Sant Joan Desp\u00ed. El Centro Jujol-Can Negre se llenar\u00e1 de m\u00e1s de una cincuentena de...\" \/>\n<meta property=\"og:url\" content=\"https:\/\/centrejujolcannegre.cat\/es\/xxxii-edicion-artistas-de-sant-joan-despi\/\" \/>\n<meta property=\"og:site_name\" content=\"Plataforma Centre Jujol - Can Negre\" \/>\n<meta property=\"article:publisher\" content=\"https:\/\/www.facebook.com\/cannegre\" \/>\n<meta property=\"article:published_time\" content=\"2025-06-16T11:13:34+00:00\" \/>\n<meta property=\"article:modified_time\" content=\"2025-06-25T16:57:39+00:00\" \/>\n<meta property=\"og:image\" content=\"https:\/\/centrejujolcannegre.cat\/wp-content\/uploads\/2025\/06\/POSTAL-TV-EXPO-ARTISTES-SJD-edited.png\" \/>\n\t<meta property=\"og:image:width\" content=\"730\" \/>\n\t<meta property=\"og:image:height\" content=\"487\" \/>\n\t<meta property=\"og:image:type\" content=\"image\/png\" \/>\n<meta name=\"author\" content=\"M\u00f3nica Barahona Pascual\" \/>\n<meta name=\"twitter:card\" content=\"summary_large_image\" \/>\n<meta name=\"twitter:creator\" content=\"@cannegresjd\" \/>\n<meta name=\"twitter:site\" content=\"@cannegresjd\" \/>\n<meta name=\"twitter:label1\" content=\"Escrito por\" \/>\n\t<meta name=\"twitter:data1\" content=\"M\u00f3nica Barahona Pascual\" \/>\n\t<meta name=\"twitter:label2\" content=\"Tiempo de lectura\" \/>\n\t<meta name=\"twitter:data2\" content=\"1 minuto\" \/>\n<script type=\"application\/ld+json\" class=\"yoast-schema-graph\">{\"@context\":\"https:\\\/\\\/schema.org\",\"@graph\":[{\"@type\":\"Article\",\"@id\":\"https:\\\/\\\/centrejujolcannegre.cat\\\/es\\\/xxxii-edicion-artistas-de-sant-joan-despi\\\/#article\",\"isPartOf\":{\"@id\":\"https:\\\/\\\/centrejujolcannegre.cat\\\/es\\\/xxxii-edicion-artistas-de-sant-joan-despi\\\/\"},\"author\":{\"name\":\"M\u00f3nica Barahona Pascual\",\"@id\":\"https:\\\/\\\/centrejujolcannegre.cat\\\/es\\\/#\\\/schema\\\/person\\\/174733455c82bd88c7ba70710d7145f4\"},\"headline\":\"XXXII Edici\u00f3n Artistas de Sant Joan Desp\u00ed\",\"datePublished\":\"2025-06-16T11:13:34+00:00\",\"dateModified\":\"2025-06-25T16:57:39+00:00\",\"mainEntityOfPage\":{\"@id\":\"https:\\\/\\\/centrejujolcannegre.cat\\\/es\\\/xxxii-edicion-artistas-de-sant-joan-despi\\\/\"},\"wordCount\":276,\"publisher\":{\"@id\":\"https:\\\/\\\/centrejujolcannegre.cat\\\/es\\\/#organization\"},\"image\":{\"@id\":\"https:\\\/\\\/centrejujolcannegre.cat\\\/es\\\/xxxii-edicion-artistas-de-sant-joan-despi\\\/#primaryimage\"},\"thumbnailUrl\":\"https:\\\/\\\/centrejujolcannegre.cat\\\/wp-content\\\/uploads\\\/2025\\\/06\\\/POSTAL-TV-EXPO-ARTISTES-SJD-edited.png\",\"articleSection\":[\"Exposiciones\"],\"inLanguage\":\"es\"},{\"@type\":\"WebPage\",\"@id\":\"https:\\\/\\\/centrejujolcannegre.cat\\\/es\\\/xxxii-edicion-artistas-de-sant-joan-despi\\\/\",\"url\":\"https:\\\/\\\/centrejujolcannegre.cat\\\/es\\\/xxxii-edicion-artistas-de-sant-joan-despi\\\/\",\"name\":\"XXXII Edici\u00f3n Artistas de Sant Joan Desp\u00ed - Plataforma Centre Jujol - Can Negre\",\"isPartOf\":{\"@id\":\"https:\\\/\\\/centrejujolcannegre.cat\\\/es\\\/#website\"},\"primaryImageOfPage\":{\"@id\":\"https:\\\/\\\/centrejujolcannegre.cat\\\/es\\\/xxxii-edicion-artistas-de-sant-joan-despi\\\/#primaryimage\"},\"image\":{\"@id\":\"https:\\\/\\\/centrejujolcannegre.cat\\\/es\\\/xxxii-edicion-artistas-de-sant-joan-despi\\\/#primaryimage\"},\"thumbnailUrl\":\"https:\\\/\\\/centrejujolcannegre.cat\\\/wp-content\\\/uploads\\\/2025\\\/06\\\/POSTAL-TV-EXPO-ARTISTES-SJD-edited.png\",\"datePublished\":\"2025-06-16T11:13:34+00:00\",\"dateModified\":\"2025-06-25T16:57:39+00:00\",\"breadcrumb\":{\"@id\":\"https:\\\/\\\/centrejujolcannegre.cat\\\/es\\\/xxxii-edicion-artistas-de-sant-joan-despi\\\/#breadcrumb\"},\"inLanguage\":\"es\",\"potentialAction\":[{\"@type\":\"ReadAction\",\"target\":[\"https:\\\/\\\/centrejujolcannegre.cat\\\/es\\\/xxxii-edicion-artistas-de-sant-joan-despi\\\/\"]}]},{\"@type\":\"ImageObject\",\"inLanguage\":\"es\",\"@id\":\"https:\\\/\\\/centrejujolcannegre.cat\\\/es\\\/xxxii-edicion-artistas-de-sant-joan-despi\\\/#primaryimage\",\"url\":\"https:\\\/\\\/centrejujolcannegre.cat\\\/wp-content\\\/uploads\\\/2025\\\/06\\\/POSTAL-TV-EXPO-ARTISTES-SJD-edited.png\",\"contentUrl\":\"https:\\\/\\\/centrejujolcannegre.cat\\\/wp-content\\\/uploads\\\/2025\\\/06\\\/POSTAL-TV-EXPO-ARTISTES-SJD-edited.png\",\"width\":730,\"height\":487},{\"@type\":\"BreadcrumbList\",\"@id\":\"https:\\\/\\\/centrejujolcannegre.cat\\\/es\\\/xxxii-edicion-artistas-de-sant-joan-despi\\\/#breadcrumb\",\"itemListElement\":[{\"@type\":\"ListItem\",\"position\":1,\"name\":\"Portada\",\"item\":\"https:\\\/\\\/centrejujolcannegre.cat\\\/es\\\/\"},{\"@type\":\"ListItem\",\"position\":2,\"name\":\"XXXII Edici\u00f3n Artistas de Sant Joan Desp\u00ed\"}]},{\"@type\":\"WebSite\",\"@id\":\"https:\\\/\\\/centrejujolcannegre.cat\\\/es\\\/#website\",\"url\":\"https:\\\/\\\/centrejujolcannegre.cat\\\/es\\\/\",\"name\":\"Plataforma Centre Jujol - Can Negre\",\"description\":\"Plataforma de venta d&#039;entradas d&#039;activitats, exposicions i circuits culturals a Museus i l&#039;Escola d&#039;Art de de Sant Joan Desp\u00ed\",\"publisher\":{\"@id\":\"https:\\\/\\\/centrejujolcannegre.cat\\\/es\\\/#organization\"},\"potentialAction\":[{\"@type\":\"SearchAction\",\"target\":{\"@type\":\"EntryPoint\",\"urlTemplate\":\"https:\\\/\\\/centrejujolcannegre.cat\\\/es\\\/?s={search_term_string}\"},\"query-input\":{\"@type\":\"PropertyValueSpecification\",\"valueRequired\":true,\"valueName\":\"search_term_string\"}}],\"inLanguage\":\"es\"},{\"@type\":\"Organization\",\"@id\":\"https:\\\/\\\/centrejujolcannegre.cat\\\/es\\\/#organization\",\"name\":\"Centre Jujol - Can Negre\",\"url\":\"https:\\\/\\\/centrejujolcannegre.cat\\\/es\\\/\",\"logo\":{\"@type\":\"ImageObject\",\"inLanguage\":\"es\",\"@id\":\"https:\\\/\\\/centrejujolcannegre.cat\\\/es\\\/#\\\/schema\\\/logo\\\/image\\\/\",\"url\":\"https:\\\/\\\/centrejujolcannegre.cat\\\/wp-content\\\/uploads\\\/2024\\\/05\\\/logo-centre-jujol-can-negre.svg\",\"contentUrl\":\"https:\\\/\\\/centrejujolcannegre.cat\\\/wp-content\\\/uploads\\\/2024\\\/05\\\/logo-centre-jujol-can-negre.svg\",\"caption\":\"Centre Jujol - Can Negre\"},\"image\":{\"@id\":\"https:\\\/\\\/centrejujolcannegre.cat\\\/es\\\/#\\\/schema\\\/logo\\\/image\\\/\"},\"sameAs\":[\"https:\\\/\\\/www.facebook.com\\\/cannegre\",\"https:\\\/\\\/x.com\\\/cannegresjd\"]},{\"@type\":\"Person\",\"@id\":\"https:\\\/\\\/centrejujolcannegre.cat\\\/es\\\/#\\\/schema\\\/person\\\/174733455c82bd88c7ba70710d7145f4\",\"name\":\"M\u00f3nica Barahona Pascual\",\"image\":{\"@type\":\"ImageObject\",\"inLanguage\":\"es\",\"@id\":\"https:\\\/\\\/secure.gravatar.com\\\/avatar\\\/b5e186611bc64474985d48d6199ef277edfdb2cf509ad7718183ee58633e0116?s=96&d=mm&r=g\",\"url\":\"https:\\\/\\\/secure.gravatar.com\\\/avatar\\\/b5e186611bc64474985d48d6199ef277edfdb2cf509ad7718183ee58633e0116?s=96&d=mm&r=g\",\"contentUrl\":\"https:\\\/\\\/secure.gravatar.com\\\/avatar\\\/b5e186611bc64474985d48d6199ef277edfdb2cf509ad7718183ee58633e0116?s=96&d=mm&r=g\",\"caption\":\"M\u00f3nica Barahona Pascual\"}}]}<\/script>\n<!-- \/ Yoast SEO plugin. -->","yoast_head_json":{"title":"XXXII Edici\u00f3n Artistas de Sant Joan Desp\u00ed - Plataforma Centre Jujol - Can Negre","robots":{"index":"index","follow":"follow","max-snippet":"max-snippet:-1","max-image-preview":"max-image-preview:large","max-video-preview":"max-video-preview:-1"},"canonical":"https:\/\/centrejujolcannegre.cat\/es\/xxxii-edicion-artistas-de-sant-joan-despi\/","og_locale":"es_ES","og_type":"article","og_title":"XXXII Edici\u00f3n Artistas de Sant Joan Desp\u00ed - Plataforma Centre Jujol - Can Negre","og_description":"Del 18 de junio al 13 de julio de 2025 Inaguraci\u00f3n d\u00eda 18 de junio de 2025 a las 20h En el marco de la Fiesta Mayor, presentamos la XXXII edici\u00f3n de la exposici\u00f3n de los y las artistas de Sant Joan Desp\u00ed. El Centro Jujol-Can Negre se llenar\u00e1 de m\u00e1s de una cincuentena de...","og_url":"https:\/\/centrejujolcannegre.cat\/es\/xxxii-edicion-artistas-de-sant-joan-despi\/","og_site_name":"Plataforma Centre Jujol - Can Negre","article_publisher":"https:\/\/www.facebook.com\/cannegre","article_published_time":"2025-06-16T11:13:34+00:00","article_modified_time":"2025-06-25T16:57:39+00:00","og_image":[{"width":730,"height":487,"url":"https:\/\/centrejujolcannegre.cat\/wp-content\/uploads\/2025\/06\/POSTAL-TV-EXPO-ARTISTES-SJD-edited.png","type":"image\/png"}],"author":"M\u00f3nica Barahona Pascual","twitter_card":"summary_large_image","twitter_creator":"@cannegresjd","twitter_site":"@cannegresjd","twitter_misc":{"Escrito por":"M\u00f3nica Barahona Pascual","Tiempo de lectura":"1 minuto"},"schema":{"@context":"https:\/\/schema.org","@graph":[{"@type":"Article","@id":"https:\/\/centrejujolcannegre.cat\/es\/xxxii-edicion-artistas-de-sant-joan-despi\/#article","isPartOf":{"@id":"https:\/\/centrejujolcannegre.cat\/es\/xxxii-edicion-artistas-de-sant-joan-despi\/"},"author":{"name":"M\u00f3nica Barahona Pascual","@id":"https:\/\/centrejujolcannegre.cat\/es\/#\/schema\/person\/174733455c82bd88c7ba70710d7145f4"},"headline":"XXXII Edici\u00f3n Artistas de Sant Joan Desp\u00ed","datePublished":"2025-06-16T11:13:34+00:00","dateModified":"2025-06-25T16:57:39+00:00","mainEntityOfPage":{"@id":"https:\/\/centrejujolcannegre.cat\/es\/xxxii-edicion-artistas-de-sant-joan-despi\/"},"wordCount":276,"publisher":{"@id":"https:\/\/centrejujolcannegre.cat\/es\/#organization"},"image":{"@id":"https:\/\/centrejujolcannegre.cat\/es\/xxxii-edicion-artistas-de-sant-joan-despi\/#primaryimage"},"thumbnailUrl":"https:\/\/centrejujolcannegre.cat\/wp-content\/uploads\/2025\/06\/POSTAL-TV-EXPO-ARTISTES-SJD-edited.png","articleSection":["Exposiciones"],"inLanguage":"es"},{"@type":"WebPage","@id":"https:\/\/centrejujolcannegre.cat\/es\/xxxii-edicion-artistas-de-sant-joan-despi\/","url":"https:\/\/centrejujolcannegre.cat\/es\/xxxii-edicion-artistas-de-sant-joan-despi\/","name":"XXXII Edici\u00f3n Artistas de Sant Joan Desp\u00ed - Plataforma Centre Jujol - Can Negre","isPartOf":{"@id":"https:\/\/centrejujolcannegre.cat\/es\/#website"},"primaryImageOfPage":{"@id":"https:\/\/centrejujolcannegre.cat\/es\/xxxii-edicion-artistas-de-sant-joan-despi\/#primaryimage"},"image":{"@id":"https:\/\/centrejujolcannegre.cat\/es\/xxxii-edicion-artistas-de-sant-joan-despi\/#primaryimage"},"thumbnailUrl":"https:\/\/centrejujolcannegre.cat\/wp-content\/uploads\/2025\/06\/POSTAL-TV-EXPO-ARTISTES-SJD-edited.png","datePublished":"2025-06-16T11:13:34+00:00","dateModified":"2025-06-25T16:57:39+00:00","breadcrumb":{"@id":"https:\/\/centrejujolcannegre.cat\/es\/xxxii-edicion-artistas-de-sant-joan-despi\/#breadcrumb"},"inLanguage":"es","potentialAction":[{"@type":"ReadAction","target":["https:\/\/centrejujolcannegre.cat\/es\/xxxii-edicion-artistas-de-sant-joan-despi\/"]}]},{"@type":"ImageObject","inLanguage":"es","@id":"https:\/\/centrejujolcannegre.cat\/es\/xxxii-edicion-artistas-de-sant-joan-despi\/#primaryimage","url":"https:\/\/centrejujolcannegre.cat\/wp-content\/uploads\/2025\/06\/POSTAL-TV-EXPO-ARTISTES-SJD-edited.png","contentUrl":"https:\/\/centrejujolcannegre.cat\/wp-content\/uploads\/2025\/06\/POSTAL-TV-EXPO-ARTISTES-SJD-edited.png","width":730,"height":487},{"@type":"BreadcrumbList","@id":"https:\/\/centrejujolcannegre.cat\/es\/xxxii-edicion-artistas-de-sant-joan-despi\/#breadcrumb","itemListElement":[{"@type":"ListItem","position":1,"name":"Portada","item":"https:\/\/centrejujolcannegre.cat\/es\/"},{"@type":"ListItem","position":2,"name":"XXXII Edici\u00f3n Artistas de Sant Joan Desp\u00ed"}]},{"@type":"WebSite","@id":"https:\/\/centrejujolcannegre.cat\/es\/#website","url":"https:\/\/centrejujolcannegre.cat\/es\/","name":"Plataforma Centre Jujol - Can Negre","description":"Plataforma de venta d&#039;entradas d&#039;activitats, exposicions i circuits culturals a Museus i l&#039;Escola d&#039;Art de de Sant Joan Desp\u00ed","publisher":{"@id":"https:\/\/centrejujolcannegre.cat\/es\/#organization"},"potentialAction":[{"@type":"SearchAction","target":{"@type":"EntryPoint","urlTemplate":"https:\/\/centrejujolcannegre.cat\/es\/?s={search_term_string}"},"query-input":{"@type":"PropertyValueSpecification","valueRequired":true,"valueName":"search_term_string"}}],"inLanguage":"es"},{"@type":"Organization","@id":"https:\/\/centrejujolcannegre.cat\/es\/#organization","name":"Centre Jujol - Can Negre","url":"https:\/\/centrejujolcannegre.cat\/es\/","logo":{"@type":"ImageObject","inLanguage":"es","@id":"https:\/\/centrejujolcannegre.cat\/es\/#\/schema\/logo\/image\/","url":"https:\/\/centrejujolcannegre.cat\/wp-content\/uploads\/2024\/05\/logo-centre-jujol-can-negre.svg","contentUrl":"https:\/\/centrejujolcannegre.cat\/wp-content\/uploads\/2024\/05\/logo-centre-jujol-can-negre.svg","caption":"Centre Jujol - Can Negre"},"image":{"@id":"https:\/\/centrejujolcannegre.cat\/es\/#\/schema\/logo\/image\/"},"sameAs":["https:\/\/www.facebook.com\/cannegre","https:\/\/x.com\/cannegresjd"]},{"@type":"Person","@id":"https:\/\/centrejujolcannegre.cat\/es\/#\/schema\/person\/174733455c82bd88c7ba70710d7145f4","name":"M\u00f3nica Barahona Pascual","image":{"@type":"ImageObject","inLanguage":"es","@id":"https:\/\/secure.gravatar.com\/avatar\/b5e186611bc64474985d48d6199ef277edfdb2cf509ad7718183ee58633e0116?s=96&d=mm&r=g","url":"https:\/\/secure.gravatar.com\/avatar\/b5e186611bc64474985d48d6199ef277edfdb2cf509ad7718183ee58633e0116?s=96&d=mm&r=g","contentUrl":"https:\/\/secure.gravatar.com\/avatar\/b5e186611bc64474985d48d6199ef277edfdb2cf509ad7718183ee58633e0116?s=96&d=mm&r=g","caption":"M\u00f3nica Barahona Pascual"}}]}},"taxonomy_info":{"category":[{"value":356,"label":"Exposiciones"}]},"featured_image_src_large":["https:\/\/centrejujolcannegre.cat\/wp-content\/uploads\/2025\/06\/POSTAL-TV-EXPO-ARTISTES-SJD-edited.png",730,487,false],"author_info":{"display_name":"M\u00f3nica Barahona Pascual","author_link":"https:\/\/centrejujolcannegre.cat\/es\/author\/monicabp\/"},"comment_info":0,"category_info":[{"term_id":356,"name":"Exposiciones","slug":"exposiciones-es","term_group":0,"term_taxonomy_id":356,"taxonomy":"category","description":"","parent":0,"count":19,"filter":"raw","cat_ID":356,"category_count":19,"category_description":"","cat_name":"Exposiciones","category_nicename":"exposiciones-es","category_parent":0}],"tag_info":false,"_links":{"self":[{"href":"https:\/\/centrejujolcannegre.cat\/es\/wp-json\/wp\/v2\/posts\/14763","targetHints":{"allow":["GET"]}}],"collection":[{"href":"https:\/\/centrejujolcannegre.cat\/es\/wp-json\/wp\/v2\/posts"}],"about":[{"href":"https:\/\/centrejujolcannegre.cat\/es\/wp-json\/wp\/v2\/types\/post"}],"author":[{"embeddable":true,"href":"https:\/\/centrejujolcannegre.cat\/es\/wp-json\/wp\/v2\/users\/1067"}],"replies":[{"embeddable":true,"href":"https:\/\/centrejujolcannegre.cat\/es\/wp-json\/wp\/v2\/comments?post=14763"}],"version-history":[{"count":2,"href":"https:\/\/centrejujolcannegre.cat\/es\/wp-json\/wp\/v2\/posts\/14763\/revisions"}],"predecessor-version":[{"id":14767,"href":"https:\/\/centrejujolcannegre.cat\/es\/wp-json\/wp\/v2\/posts\/14763\/revisions\/14767"}],"wp:featuredmedia":[{"embeddable":true,"href":"https:\/\/centrejujolcannegre.cat\/es\/wp-json\/wp\/v2\/media\/14382"}],"wp:attachment":[{"href":"https:\/\/centrejujolcannegre.cat\/es\/wp-json\/wp\/v2\/media?parent=14763"}],"wp:term":[{"taxonomy":"category","embeddable":true,"href":"https:\/\/centrejujolcannegre.cat\/es\/wp-json\/wp\/v2\/categories?post=14763"},{"taxonomy":"post_tag","embeddable":true,"href":"https:\/\/centrejujolcannegre.cat\/es\/wp-json\/wp\/v2\/tags?post=14763"}],"curies":[{"name":"wp","href":"https:\/\/api.w.org\/{rel}","templated":true}]}}