{"id":16361,"date":"2025-09-03T12:39:09","date_gmt":"2025-09-03T10:39:09","guid":{"rendered":"https:\/\/centrejujolcannegre.cat\/culmenaudio-los-bafles-que-nunca-imaginarias\/"},"modified":"2025-09-10T16:48:29","modified_gmt":"2025-09-10T14:48:29","slug":"culmenaudio-los-bafles-que-nunca-imaginarias","status":"publish","type":"post","link":"https:\/\/centrejujolcannegre.cat\/es\/culmenaudio-los-bafles-que-nunca-imaginarias\/","title":{"rendered":"CulmenAudio, los bafles que nunca imaginar\u00edas"},"content":{"rendered":"\n<p>de Jorge Castelnuovo<\/p>\n\n<p><\/p>\n\n<p>Del 4 al 28 de septiembre. Inauguraci\u00f3n, 4 de septiembre a las 20:00 h <\/p>\n\n<p>CulmenAudio es una iniciativa altruista y sin \u00e1nimo de lucro, realizada por Jorge Castelnuovo, t\u00e9cnico jubilado de setenta y nueve a\u00f1os, cuyo \u00fanico objetivo es montar aparatos de audio como una forma de diversi\u00f3n y entretenimiento despu\u00e9s de su vida laboral.<br\/><\/p>\n\n<p>Sus creaciones destacan no s\u00f3lo por su calidad sonora, sino tambi\u00e9n por su minuciosidad en el dise\u00f1o artesanal de cada pieza, dando como resultado piezas \u00fanicas que combinan est\u00e9tica y tecnolog\u00eda.  <\/p>\n\n<p>Con CulmenAudio, Jorge quiere transmitir la importancia de mantener la mente activa a trav\u00e9s de actividades creativas, demostrando que nunca es tarde para aprender, experimentar y compartir conocimiento con la comunidad.<\/p>\n\n<p><\/p>\n\n<figure class=\"wp-block-gallery has-nested-images columns-default is-cropped wp-block-gallery-1 is-layout-flex wp-block-gallery-is-layout-flex\">\n<figure class=\"wp-block-image size-large\"><img loading=\"lazy\" decoding=\"async\" width=\"768\" height=\"1024\" data-id=\"16039\" src=\"https:\/\/centrejujolcannegre.cat\/wp-content\/uploads\/2025\/09\/15-scaled.jpg\" alt=\"\" class=\"wp-image-16039\" srcset=\"https:\/\/centrejujolcannegre.cat\/wp-content\/uploads\/2025\/09\/15-scaled.jpg 768w, https:\/\/centrejujolcannegre.cat\/wp-content\/uploads\/2025\/09\/15-225x300.jpg 225w, https:\/\/centrejujolcannegre.cat\/wp-content\/uploads\/2025\/09\/15-1152x1536.jpg 1152w, https:\/\/centrejujolcannegre.cat\/wp-content\/uploads\/2025\/09\/15-1536x2048.jpg 1536w, https:\/\/centrejujolcannegre.cat\/wp-content\/uploads\/2025\/09\/15-600x800.jpg 600w\" sizes=\"auto, (max-width: 768px) 100vw, 768px\" \/><\/figure>\n\n\n\n<figure class=\"wp-block-image size-large\"><img loading=\"lazy\" decoding=\"async\" width=\"768\" height=\"1024\" data-id=\"16036\" src=\"https:\/\/centrejujolcannegre.cat\/wp-content\/uploads\/2025\/09\/3-scaled.jpg\" alt=\"\" class=\"wp-image-16036\" srcset=\"https:\/\/centrejujolcannegre.cat\/wp-content\/uploads\/2025\/09\/3-scaled.jpg 768w, https:\/\/centrejujolcannegre.cat\/wp-content\/uploads\/2025\/09\/3-225x300.jpg 225w, https:\/\/centrejujolcannegre.cat\/wp-content\/uploads\/2025\/09\/3-1152x1536.jpg 1152w, https:\/\/centrejujolcannegre.cat\/wp-content\/uploads\/2025\/09\/3-1536x2048.jpg 1536w, https:\/\/centrejujolcannegre.cat\/wp-content\/uploads\/2025\/09\/3-600x800.jpg 600w\" sizes=\"auto, (max-width: 768px) 100vw, 768px\" \/><\/figure>\n\n\n\n<figure class=\"wp-block-image size-large\"><img loading=\"lazy\" decoding=\"async\" width=\"950\" height=\"1024\" data-id=\"16033\" src=\"https:\/\/centrejujolcannegre.cat\/wp-content\/uploads\/2025\/09\/2-3-scaled.jpg\" alt=\"\" class=\"wp-image-16033\" srcset=\"https:\/\/centrejujolcannegre.cat\/wp-content\/uploads\/2025\/09\/2-3-scaled.jpg 950w, https:\/\/centrejujolcannegre.cat\/wp-content\/uploads\/2025\/09\/2-3-278x300.jpg 278w, https:\/\/centrejujolcannegre.cat\/wp-content\/uploads\/2025\/09\/2-3-768x828.jpg 768w, https:\/\/centrejujolcannegre.cat\/wp-content\/uploads\/2025\/09\/2-3-1425x1536.jpg 1425w, https:\/\/centrejujolcannegre.cat\/wp-content\/uploads\/2025\/09\/2-3-1900x2048.jpg 1900w, https:\/\/centrejujolcannegre.cat\/wp-content\/uploads\/2025\/09\/2-3-600x647.jpg 600w\" sizes=\"auto, (max-width: 950px) 100vw, 950px\" \/><\/figure>\n\n\n\n<figure class=\"wp-block-image size-large\"><img loading=\"lazy\" decoding=\"async\" width=\"768\" height=\"1024\" data-id=\"16030\" src=\"https:\/\/centrejujolcannegre.cat\/wp-content\/uploads\/2025\/09\/2-2-scaled.jpg\" alt=\"\" class=\"wp-image-16030\" srcset=\"https:\/\/centrejujolcannegre.cat\/wp-content\/uploads\/2025\/09\/2-2-scaled.jpg 768w, https:\/\/centrejujolcannegre.cat\/wp-content\/uploads\/2025\/09\/2-2-225x300.jpg 225w, https:\/\/centrejujolcannegre.cat\/wp-content\/uploads\/2025\/09\/2-2-1152x1536.jpg 1152w, https:\/\/centrejujolcannegre.cat\/wp-content\/uploads\/2025\/09\/2-2-1536x2048.jpg 1536w, https:\/\/centrejujolcannegre.cat\/wp-content\/uploads\/2025\/09\/2-2-600x800.jpg 600w\" sizes=\"auto, (max-width: 768px) 100vw, 768px\" \/><\/figure>\n\n\n\n<figure class=\"wp-block-image size-large\"><img loading=\"lazy\" decoding=\"async\" width=\"1024\" height=\"866\" data-id=\"16027\" src=\"https:\/\/centrejujolcannegre.cat\/wp-content\/uploads\/2025\/09\/2-1-scaled.jpg\" alt=\"\" class=\"wp-image-16027\" srcset=\"https:\/\/centrejujolcannegre.cat\/wp-content\/uploads\/2025\/09\/2-1-scaled.jpg 1024w, https:\/\/centrejujolcannegre.cat\/wp-content\/uploads\/2025\/09\/2-1-300x254.jpg 300w, https:\/\/centrejujolcannegre.cat\/wp-content\/uploads\/2025\/09\/2-1-768x649.jpg 768w, https:\/\/centrejujolcannegre.cat\/wp-content\/uploads\/2025\/09\/2-1-1536x1299.jpg 1536w, https:\/\/centrejujolcannegre.cat\/wp-content\/uploads\/2025\/09\/2-1-2048x1732.jpg 2048w, https:\/\/centrejujolcannegre.cat\/wp-content\/uploads\/2025\/09\/2-1-600x507.jpg 600w\" sizes=\"auto, (max-width: 1024px) 100vw, 1024px\" \/><\/figure>\n\n\n\n<figure class=\"wp-block-image size-large\"><img loading=\"lazy\" decoding=\"async\" width=\"1024\" height=\"768\" data-id=\"16024\" src=\"https:\/\/centrejujolcannegre.cat\/wp-content\/uploads\/2025\/09\/1-scaled.jpg\" alt=\"\" class=\"wp-image-16024\" srcset=\"https:\/\/centrejujolcannegre.cat\/wp-content\/uploads\/2025\/09\/1-scaled.jpg 1024w, https:\/\/centrejujolcannegre.cat\/wp-content\/uploads\/2025\/09\/1-300x225.jpg 300w, https:\/\/centrejujolcannegre.cat\/wp-content\/uploads\/2025\/09\/1-768x576.jpg 768w, https:\/\/centrejujolcannegre.cat\/wp-content\/uploads\/2025\/09\/1-1536x1152.jpg 1536w, https:\/\/centrejujolcannegre.cat\/wp-content\/uploads\/2025\/09\/1-2048x1536.jpg 2048w, https:\/\/centrejujolcannegre.cat\/wp-content\/uploads\/2025\/09\/1-600x450.jpg 600w\" sizes=\"auto, (max-width: 1024px) 100vw, 1024px\" \/><\/figure>\n\n\n\n<figure class=\"wp-block-image size-large\"><img loading=\"lazy\" decoding=\"async\" width=\"1024\" height=\"747\" data-id=\"16021\" src=\"https:\/\/centrejujolcannegre.cat\/wp-content\/uploads\/2025\/09\/1-4-scaled.jpg\" alt=\"\" class=\"wp-image-16021\" srcset=\"https:\/\/centrejujolcannegre.cat\/wp-content\/uploads\/2025\/09\/1-4-scaled.jpg 1024w, https:\/\/centrejujolcannegre.cat\/wp-content\/uploads\/2025\/09\/1-4-300x219.jpg 300w, https:\/\/centrejujolcannegre.cat\/wp-content\/uploads\/2025\/09\/1-4-768x560.jpg 768w, https:\/\/centrejujolcannegre.cat\/wp-content\/uploads\/2025\/09\/1-4-1536x1121.jpg 1536w, https:\/\/centrejujolcannegre.cat\/wp-content\/uploads\/2025\/09\/1-4-2048x1494.jpg 2048w, https:\/\/centrejujolcannegre.cat\/wp-content\/uploads\/2025\/09\/1-4-600x438.jpg 600w\" sizes=\"auto, (max-width: 1024px) 100vw, 1024px\" \/><\/figure>\n\n\n\n<figure class=\"wp-block-image size-large\"><img loading=\"lazy\" decoding=\"async\" width=\"768\" height=\"1024\" data-id=\"16018\" src=\"https:\/\/centrejujolcannegre.cat\/wp-content\/uploads\/2025\/09\/1-3-scaled.jpg\" alt=\"\" class=\"wp-image-16018\" srcset=\"https:\/\/centrejujolcannegre.cat\/wp-content\/uploads\/2025\/09\/1-3-scaled.jpg 768w, https:\/\/centrejujolcannegre.cat\/wp-content\/uploads\/2025\/09\/1-3-225x300.jpg 225w, https:\/\/centrejujolcannegre.cat\/wp-content\/uploads\/2025\/09\/1-3-1152x1536.jpg 1152w, https:\/\/centrejujolcannegre.cat\/wp-content\/uploads\/2025\/09\/1-3-1535x2048.jpg 1535w, https:\/\/centrejujolcannegre.cat\/wp-content\/uploads\/2025\/09\/1-3-600x800.jpg 600w\" sizes=\"auto, (max-width: 768px) 100vw, 768px\" \/><figcaption class=\"wp-element-caption\">mde<\/figcaption><\/figure>\n<\/figure>\n\n<p><\/p>\n","protected":false},"excerpt":{"rendered":"<p>de Jorge Castelnuovo Del 4 al 28 de septiembre. Inauguraci\u00f3n, 4 de septiembre a las 20:00 h CulmenAudio es una iniciativa altruista y sin \u00e1nimo de lucro, realizada por Jorge Castelnuovo, t\u00e9cnico jubilado de setenta y nueve a\u00f1os, cuyo \u00fanico objetivo es montar aparatos de audio como una forma de diversi\u00f3n y entretenimiento despu\u00e9s de&#8230;<\/p>\n","protected":false},"author":1067,"featured_media":16014,"comment_status":"closed","ping_status":"closed","sticky":false,"template":"","format":"standard","meta":{"inline_featured_image":false,"_kad_blocks_custom_css":"","_kad_blocks_head_custom_js":"","_kad_blocks_body_custom_js":"","_kad_blocks_footer_custom_js":"","_kad_post_transparent":"","_kad_post_title":"","_kad_post_layout":"","_kad_post_sidebar_id":"","_kad_post_content_style":"","_kad_post_vertical_padding":"","_kad_post_feature":"","_kad_post_feature_position":"","_kad_post_header":false,"_kad_post_footer":false,"_kad_post_classname":"","footnotes":""},"categories":[356],"tags":[],"class_list":["post-16361","post","type-post","status-publish","format-standard","has-post-thumbnail","hentry","category-exposiciones-es"],"yoast_head":"<!-- This site is optimized with the Yoast SEO plugin v27.5 - https:\/\/yoast.com\/product\/yoast-seo-wordpress\/ -->\n<title>CulmenAudio, los bafles que nunca imaginar\u00edas - Plataforma Centre Jujol - Can Negre<\/title>\n<meta name=\"robots\" content=\"index, follow, max-snippet:-1, max-image-preview:large, max-video-preview:-1\" \/>\n<link rel=\"canonical\" href=\"https:\/\/centrejujolcannegre.cat\/es\/culmenaudio-los-bafles-que-nunca-imaginarias\/\" \/>\n<meta property=\"og:locale\" content=\"es_ES\" \/>\n<meta property=\"og:type\" content=\"article\" \/>\n<meta property=\"og:title\" content=\"CulmenAudio, los bafles que nunca imaginar\u00edas - Plataforma Centre Jujol - Can Negre\" \/>\n<meta property=\"og:description\" content=\"de Jorge Castelnuovo Del 4 al 28 de septiembre. Inauguraci\u00f3n, 4 de septiembre a las 20:00 h CulmenAudio es una iniciativa altruista y sin \u00e1nimo de lucro, realizada por Jorge Castelnuovo, t\u00e9cnico jubilado de setenta y nueve a\u00f1os, cuyo \u00fanico objetivo es montar aparatos de audio como una forma de diversi\u00f3n y entretenimiento despu\u00e9s de...\" \/>\n<meta property=\"og:url\" content=\"https:\/\/centrejujolcannegre.cat\/es\/culmenaudio-los-bafles-que-nunca-imaginarias\/\" \/>\n<meta property=\"og:site_name\" content=\"Plataforma Centre Jujol - Can Negre\" \/>\n<meta property=\"article:publisher\" content=\"https:\/\/www.facebook.com\/cannegre\" \/>\n<meta property=\"article:published_time\" content=\"2025-09-03T10:39:09+00:00\" \/>\n<meta property=\"article:modified_time\" content=\"2025-09-10T14:48:29+00:00\" \/>\n<meta property=\"og:image\" content=\"https:\/\/centrejujolcannegre.cat\/wp-content\/uploads\/2025\/09\/1-2-scaled.jpg\" \/>\n\t<meta property=\"og:image:width\" content=\"2560\" \/>\n\t<meta property=\"og:image:height\" content=\"1920\" \/>\n\t<meta property=\"og:image:type\" content=\"image\/jpeg\" \/>\n<meta name=\"author\" content=\"M\u00f3nica Barahona Pascual\" \/>\n<meta name=\"twitter:card\" content=\"summary_large_image\" \/>\n<meta name=\"twitter:creator\" content=\"@cannegresjd\" \/>\n<meta name=\"twitter:site\" content=\"@cannegresjd\" \/>\n<meta name=\"twitter:label1\" content=\"Escrito por\" \/>\n\t<meta name=\"twitter:data1\" content=\"M\u00f3nica Barahona Pascual\" \/>\n\t<meta name=\"twitter:label2\" content=\"Tiempo de lectura\" \/>\n\t<meta name=\"twitter:data2\" content=\"1 minuto\" \/>\n<script type=\"application\/ld+json\" class=\"yoast-schema-graph\">{\"@context\":\"https:\\\/\\\/schema.org\",\"@graph\":[{\"@type\":\"Article\",\"@id\":\"https:\\\/\\\/centrejujolcannegre.cat\\\/es\\\/culmenaudio-los-bafles-que-nunca-imaginarias\\\/#article\",\"isPartOf\":{\"@id\":\"https:\\\/\\\/centrejujolcannegre.cat\\\/es\\\/culmenaudio-los-bafles-que-nunca-imaginarias\\\/\"},\"author\":{\"name\":\"M\u00f3nica Barahona Pascual\",\"@id\":\"https:\\\/\\\/centrejujolcannegre.cat\\\/es\\\/#\\\/schema\\\/person\\\/174733455c82bd88c7ba70710d7145f4\"},\"headline\":\"CulmenAudio, los bafles que nunca imaginar\u00edas\",\"datePublished\":\"2025-09-03T10:39:09+00:00\",\"dateModified\":\"2025-09-10T14:48:29+00:00\",\"mainEntityOfPage\":{\"@id\":\"https:\\\/\\\/centrejujolcannegre.cat\\\/es\\\/culmenaudio-los-bafles-que-nunca-imaginarias\\\/\"},\"wordCount\":135,\"publisher\":{\"@id\":\"https:\\\/\\\/centrejujolcannegre.cat\\\/es\\\/#organization\"},\"image\":{\"@id\":\"https:\\\/\\\/centrejujolcannegre.cat\\\/es\\\/culmenaudio-los-bafles-que-nunca-imaginarias\\\/#primaryimage\"},\"thumbnailUrl\":\"https:\\\/\\\/centrejujolcannegre.cat\\\/wp-content\\\/uploads\\\/2025\\\/09\\\/1-2-scaled.jpg\",\"articleSection\":[\"Exposiciones\"],\"inLanguage\":\"es\"},{\"@type\":\"WebPage\",\"@id\":\"https:\\\/\\\/centrejujolcannegre.cat\\\/es\\\/culmenaudio-los-bafles-que-nunca-imaginarias\\\/\",\"url\":\"https:\\\/\\\/centrejujolcannegre.cat\\\/es\\\/culmenaudio-los-bafles-que-nunca-imaginarias\\\/\",\"name\":\"CulmenAudio, los bafles que nunca imaginar\u00edas - Plataforma Centre Jujol - Can Negre\",\"isPartOf\":{\"@id\":\"https:\\\/\\\/centrejujolcannegre.cat\\\/es\\\/#website\"},\"primaryImageOfPage\":{\"@id\":\"https:\\\/\\\/centrejujolcannegre.cat\\\/es\\\/culmenaudio-los-bafles-que-nunca-imaginarias\\\/#primaryimage\"},\"image\":{\"@id\":\"https:\\\/\\\/centrejujolcannegre.cat\\\/es\\\/culmenaudio-los-bafles-que-nunca-imaginarias\\\/#primaryimage\"},\"thumbnailUrl\":\"https:\\\/\\\/centrejujolcannegre.cat\\\/wp-content\\\/uploads\\\/2025\\\/09\\\/1-2-scaled.jpg\",\"datePublished\":\"2025-09-03T10:39:09+00:00\",\"dateModified\":\"2025-09-10T14:48:29+00:00\",\"breadcrumb\":{\"@id\":\"https:\\\/\\\/centrejujolcannegre.cat\\\/es\\\/culmenaudio-los-bafles-que-nunca-imaginarias\\\/#breadcrumb\"},\"inLanguage\":\"es\",\"potentialAction\":[{\"@type\":\"ReadAction\",\"target\":[\"https:\\\/\\\/centrejujolcannegre.cat\\\/es\\\/culmenaudio-los-bafles-que-nunca-imaginarias\\\/\"]}]},{\"@type\":\"ImageObject\",\"inLanguage\":\"es\",\"@id\":\"https:\\\/\\\/centrejujolcannegre.cat\\\/es\\\/culmenaudio-los-bafles-que-nunca-imaginarias\\\/#primaryimage\",\"url\":\"https:\\\/\\\/centrejujolcannegre.cat\\\/wp-content\\\/uploads\\\/2025\\\/09\\\/1-2-scaled.jpg\",\"contentUrl\":\"https:\\\/\\\/centrejujolcannegre.cat\\\/wp-content\\\/uploads\\\/2025\\\/09\\\/1-2-scaled.jpg\",\"width\":2560,\"height\":1920},{\"@type\":\"BreadcrumbList\",\"@id\":\"https:\\\/\\\/centrejujolcannegre.cat\\\/es\\\/culmenaudio-los-bafles-que-nunca-imaginarias\\\/#breadcrumb\",\"itemListElement\":[{\"@type\":\"ListItem\",\"position\":1,\"name\":\"Portada\",\"item\":\"https:\\\/\\\/centrejujolcannegre.cat\\\/es\\\/\"},{\"@type\":\"ListItem\",\"position\":2,\"name\":\"CulmenAudio, los bafles que nunca imaginar\u00edas\"}]},{\"@type\":\"WebSite\",\"@id\":\"https:\\\/\\\/centrejujolcannegre.cat\\\/es\\\/#website\",\"url\":\"https:\\\/\\\/centrejujolcannegre.cat\\\/es\\\/\",\"name\":\"Plataforma Centre Jujol - Can Negre\",\"description\":\"Plataforma de venta d&#039;entradas d&#039;activitats, exposicions i circuits culturals a Museus i l&#039;Escola d&#039;Art de de Sant Joan Desp\u00ed\",\"publisher\":{\"@id\":\"https:\\\/\\\/centrejujolcannegre.cat\\\/es\\\/#organization\"},\"potentialAction\":[{\"@type\":\"SearchAction\",\"target\":{\"@type\":\"EntryPoint\",\"urlTemplate\":\"https:\\\/\\\/centrejujolcannegre.cat\\\/es\\\/?s={search_term_string}\"},\"query-input\":{\"@type\":\"PropertyValueSpecification\",\"valueRequired\":true,\"valueName\":\"search_term_string\"}}],\"inLanguage\":\"es\"},{\"@type\":\"Organization\",\"@id\":\"https:\\\/\\\/centrejujolcannegre.cat\\\/es\\\/#organization\",\"name\":\"Centre Jujol - Can Negre\",\"url\":\"https:\\\/\\\/centrejujolcannegre.cat\\\/es\\\/\",\"logo\":{\"@type\":\"ImageObject\",\"inLanguage\":\"es\",\"@id\":\"https:\\\/\\\/centrejujolcannegre.cat\\\/es\\\/#\\\/schema\\\/logo\\\/image\\\/\",\"url\":\"https:\\\/\\\/centrejujolcannegre.cat\\\/wp-content\\\/uploads\\\/2024\\\/05\\\/logo-centre-jujol-can-negre.svg\",\"contentUrl\":\"https:\\\/\\\/centrejujolcannegre.cat\\\/wp-content\\\/uploads\\\/2024\\\/05\\\/logo-centre-jujol-can-negre.svg\",\"caption\":\"Centre Jujol - Can Negre\"},\"image\":{\"@id\":\"https:\\\/\\\/centrejujolcannegre.cat\\\/es\\\/#\\\/schema\\\/logo\\\/image\\\/\"},\"sameAs\":[\"https:\\\/\\\/www.facebook.com\\\/cannegre\",\"https:\\\/\\\/x.com\\\/cannegresjd\"]},{\"@type\":\"Person\",\"@id\":\"https:\\\/\\\/centrejujolcannegre.cat\\\/es\\\/#\\\/schema\\\/person\\\/174733455c82bd88c7ba70710d7145f4\",\"name\":\"M\u00f3nica Barahona Pascual\",\"image\":{\"@type\":\"ImageObject\",\"inLanguage\":\"es\",\"@id\":\"https:\\\/\\\/secure.gravatar.com\\\/avatar\\\/b5e186611bc64474985d48d6199ef277edfdb2cf509ad7718183ee58633e0116?s=96&d=mm&r=g\",\"url\":\"https:\\\/\\\/secure.gravatar.com\\\/avatar\\\/b5e186611bc64474985d48d6199ef277edfdb2cf509ad7718183ee58633e0116?s=96&d=mm&r=g\",\"contentUrl\":\"https:\\\/\\\/secure.gravatar.com\\\/avatar\\\/b5e186611bc64474985d48d6199ef277edfdb2cf509ad7718183ee58633e0116?s=96&d=mm&r=g\",\"caption\":\"M\u00f3nica Barahona Pascual\"}}]}<\/script>\n<!-- \/ Yoast SEO plugin. -->","yoast_head_json":{"title":"CulmenAudio, los bafles que nunca imaginar\u00edas - Plataforma Centre Jujol - Can Negre","robots":{"index":"index","follow":"follow","max-snippet":"max-snippet:-1","max-image-preview":"max-image-preview:large","max-video-preview":"max-video-preview:-1"},"canonical":"https:\/\/centrejujolcannegre.cat\/es\/culmenaudio-los-bafles-que-nunca-imaginarias\/","og_locale":"es_ES","og_type":"article","og_title":"CulmenAudio, los bafles que nunca imaginar\u00edas - Plataforma Centre Jujol - Can Negre","og_description":"de Jorge Castelnuovo Del 4 al 28 de septiembre. Inauguraci\u00f3n, 4 de septiembre a las 20:00 h CulmenAudio es una iniciativa altruista y sin \u00e1nimo de lucro, realizada por Jorge Castelnuovo, t\u00e9cnico jubilado de setenta y nueve a\u00f1os, cuyo \u00fanico objetivo es montar aparatos de audio como una forma de diversi\u00f3n y entretenimiento despu\u00e9s de...","og_url":"https:\/\/centrejujolcannegre.cat\/es\/culmenaudio-los-bafles-que-nunca-imaginarias\/","og_site_name":"Plataforma Centre Jujol - Can Negre","article_publisher":"https:\/\/www.facebook.com\/cannegre","article_published_time":"2025-09-03T10:39:09+00:00","article_modified_time":"2025-09-10T14:48:29+00:00","og_image":[{"width":2560,"height":1920,"url":"https:\/\/centrejujolcannegre.cat\/wp-content\/uploads\/2025\/09\/1-2-scaled.jpg","type":"image\/jpeg"}],"author":"M\u00f3nica Barahona Pascual","twitter_card":"summary_large_image","twitter_creator":"@cannegresjd","twitter_site":"@cannegresjd","twitter_misc":{"Escrito por":"M\u00f3nica Barahona Pascual","Tiempo de lectura":"1 minuto"},"schema":{"@context":"https:\/\/schema.org","@graph":[{"@type":"Article","@id":"https:\/\/centrejujolcannegre.cat\/es\/culmenaudio-los-bafles-que-nunca-imaginarias\/#article","isPartOf":{"@id":"https:\/\/centrejujolcannegre.cat\/es\/culmenaudio-los-bafles-que-nunca-imaginarias\/"},"author":{"name":"M\u00f3nica Barahona Pascual","@id":"https:\/\/centrejujolcannegre.cat\/es\/#\/schema\/person\/174733455c82bd88c7ba70710d7145f4"},"headline":"CulmenAudio, los bafles que nunca imaginar\u00edas","datePublished":"2025-09-03T10:39:09+00:00","dateModified":"2025-09-10T14:48:29+00:00","mainEntityOfPage":{"@id":"https:\/\/centrejujolcannegre.cat\/es\/culmenaudio-los-bafles-que-nunca-imaginarias\/"},"wordCount":135,"publisher":{"@id":"https:\/\/centrejujolcannegre.cat\/es\/#organization"},"image":{"@id":"https:\/\/centrejujolcannegre.cat\/es\/culmenaudio-los-bafles-que-nunca-imaginarias\/#primaryimage"},"thumbnailUrl":"https:\/\/centrejujolcannegre.cat\/wp-content\/uploads\/2025\/09\/1-2-scaled.jpg","articleSection":["Exposiciones"],"inLanguage":"es"},{"@type":"WebPage","@id":"https:\/\/centrejujolcannegre.cat\/es\/culmenaudio-los-bafles-que-nunca-imaginarias\/","url":"https:\/\/centrejujolcannegre.cat\/es\/culmenaudio-los-bafles-que-nunca-imaginarias\/","name":"CulmenAudio, los bafles que nunca imaginar\u00edas - Plataforma Centre Jujol - Can Negre","isPartOf":{"@id":"https:\/\/centrejujolcannegre.cat\/es\/#website"},"primaryImageOfPage":{"@id":"https:\/\/centrejujolcannegre.cat\/es\/culmenaudio-los-bafles-que-nunca-imaginarias\/#primaryimage"},"image":{"@id":"https:\/\/centrejujolcannegre.cat\/es\/culmenaudio-los-bafles-que-nunca-imaginarias\/#primaryimage"},"thumbnailUrl":"https:\/\/centrejujolcannegre.cat\/wp-content\/uploads\/2025\/09\/1-2-scaled.jpg","datePublished":"2025-09-03T10:39:09+00:00","dateModified":"2025-09-10T14:48:29+00:00","breadcrumb":{"@id":"https:\/\/centrejujolcannegre.cat\/es\/culmenaudio-los-bafles-que-nunca-imaginarias\/#breadcrumb"},"inLanguage":"es","potentialAction":[{"@type":"ReadAction","target":["https:\/\/centrejujolcannegre.cat\/es\/culmenaudio-los-bafles-que-nunca-imaginarias\/"]}]},{"@type":"ImageObject","inLanguage":"es","@id":"https:\/\/centrejujolcannegre.cat\/es\/culmenaudio-los-bafles-que-nunca-imaginarias\/#primaryimage","url":"https:\/\/centrejujolcannegre.cat\/wp-content\/uploads\/2025\/09\/1-2-scaled.jpg","contentUrl":"https:\/\/centrejujolcannegre.cat\/wp-content\/uploads\/2025\/09\/1-2-scaled.jpg","width":2560,"height":1920},{"@type":"BreadcrumbList","@id":"https:\/\/centrejujolcannegre.cat\/es\/culmenaudio-los-bafles-que-nunca-imaginarias\/#breadcrumb","itemListElement":[{"@type":"ListItem","position":1,"name":"Portada","item":"https:\/\/centrejujolcannegre.cat\/es\/"},{"@type":"ListItem","position":2,"name":"CulmenAudio, los bafles que nunca imaginar\u00edas"}]},{"@type":"WebSite","@id":"https:\/\/centrejujolcannegre.cat\/es\/#website","url":"https:\/\/centrejujolcannegre.cat\/es\/","name":"Plataforma Centre Jujol - Can Negre","description":"Plataforma de venta d&#039;entradas d&#039;activitats, exposicions i circuits culturals a Museus i l&#039;Escola d&#039;Art de de Sant Joan Desp\u00ed","publisher":{"@id":"https:\/\/centrejujolcannegre.cat\/es\/#organization"},"potentialAction":[{"@type":"SearchAction","target":{"@type":"EntryPoint","urlTemplate":"https:\/\/centrejujolcannegre.cat\/es\/?s={search_term_string}"},"query-input":{"@type":"PropertyValueSpecification","valueRequired":true,"valueName":"search_term_string"}}],"inLanguage":"es"},{"@type":"Organization","@id":"https:\/\/centrejujolcannegre.cat\/es\/#organization","name":"Centre Jujol - Can Negre","url":"https:\/\/centrejujolcannegre.cat\/es\/","logo":{"@type":"ImageObject","inLanguage":"es","@id":"https:\/\/centrejujolcannegre.cat\/es\/#\/schema\/logo\/image\/","url":"https:\/\/centrejujolcannegre.cat\/wp-content\/uploads\/2024\/05\/logo-centre-jujol-can-negre.svg","contentUrl":"https:\/\/centrejujolcannegre.cat\/wp-content\/uploads\/2024\/05\/logo-centre-jujol-can-negre.svg","caption":"Centre Jujol - Can Negre"},"image":{"@id":"https:\/\/centrejujolcannegre.cat\/es\/#\/schema\/logo\/image\/"},"sameAs":["https:\/\/www.facebook.com\/cannegre","https:\/\/x.com\/cannegresjd"]},{"@type":"Person","@id":"https:\/\/centrejujolcannegre.cat\/es\/#\/schema\/person\/174733455c82bd88c7ba70710d7145f4","name":"M\u00f3nica Barahona Pascual","image":{"@type":"ImageObject","inLanguage":"es","@id":"https:\/\/secure.gravatar.com\/avatar\/b5e186611bc64474985d48d6199ef277edfdb2cf509ad7718183ee58633e0116?s=96&d=mm&r=g","url":"https:\/\/secure.gravatar.com\/avatar\/b5e186611bc64474985d48d6199ef277edfdb2cf509ad7718183ee58633e0116?s=96&d=mm&r=g","contentUrl":"https:\/\/secure.gravatar.com\/avatar\/b5e186611bc64474985d48d6199ef277edfdb2cf509ad7718183ee58633e0116?s=96&d=mm&r=g","caption":"M\u00f3nica Barahona Pascual"}}]}},"taxonomy_info":{"category":[{"value":356,"label":"Exposiciones"}]},"featured_image_src_large":["https:\/\/centrejujolcannegre.cat\/wp-content\/uploads\/2025\/09\/1-2-1024x768.jpg",1024,768,true],"author_info":{"display_name":"M\u00f3nica Barahona Pascual","author_link":"https:\/\/centrejujolcannegre.cat\/es\/author\/monicabp\/"},"comment_info":0,"category_info":[{"term_id":356,"name":"Exposiciones","slug":"exposiciones-es","term_group":0,"term_taxonomy_id":356,"taxonomy":"category","description":"","parent":0,"count":19,"filter":"raw","cat_ID":356,"category_count":19,"category_description":"","cat_name":"Exposiciones","category_nicename":"exposiciones-es","category_parent":0}],"tag_info":false,"_links":{"self":[{"href":"https:\/\/centrejujolcannegre.cat\/es\/wp-json\/wp\/v2\/posts\/16361","targetHints":{"allow":["GET"]}}],"collection":[{"href":"https:\/\/centrejujolcannegre.cat\/es\/wp-json\/wp\/v2\/posts"}],"about":[{"href":"https:\/\/centrejujolcannegre.cat\/es\/wp-json\/wp\/v2\/types\/post"}],"author":[{"embeddable":true,"href":"https:\/\/centrejujolcannegre.cat\/es\/wp-json\/wp\/v2\/users\/1067"}],"replies":[{"embeddable":true,"href":"https:\/\/centrejujolcannegre.cat\/es\/wp-json\/wp\/v2\/comments?post=16361"}],"version-history":[{"count":1,"href":"https:\/\/centrejujolcannegre.cat\/es\/wp-json\/wp\/v2\/posts\/16361\/revisions"}],"predecessor-version":[{"id":16362,"href":"https:\/\/centrejujolcannegre.cat\/es\/wp-json\/wp\/v2\/posts\/16361\/revisions\/16362"}],"wp:featuredmedia":[{"embeddable":true,"href":"https:\/\/centrejujolcannegre.cat\/es\/wp-json\/wp\/v2\/media\/16014"}],"wp:attachment":[{"href":"https:\/\/centrejujolcannegre.cat\/es\/wp-json\/wp\/v2\/media?parent=16361"}],"wp:term":[{"taxonomy":"category","embeddable":true,"href":"https:\/\/centrejujolcannegre.cat\/es\/wp-json\/wp\/v2\/categories?post=16361"},{"taxonomy":"post_tag","embeddable":true,"href":"https:\/\/centrejujolcannegre.cat\/es\/wp-json\/wp\/v2\/tags?post=16361"}],"curies":[{"name":"wp","href":"https:\/\/api.w.org\/{rel}","templated":true}]}}