{"id":19252,"date":"2025-10-22T11:35:00","date_gmt":"2025-10-22T09:35:00","guid":{"rendered":"https:\/\/centrejujolcannegre.cat\/v-concurso-de-dibujo-catedra-julol-rosa-gres\/"},"modified":"2025-10-22T11:41:32","modified_gmt":"2025-10-22T09:41:32","slug":"v-concurso-de-dibujo-catedra-julol-rosa-gres","status":"publish","type":"post","link":"https:\/\/centrejujolcannegre.cat\/es\/v-concurso-de-dibujo-catedra-julol-rosa-gres\/","title":{"rendered":"V Concurso de dibujo C\u00e1tedra Julol- Rosa Gres"},"content":{"rendered":"\n<p>En la Torre de la Cruz. inauguraci\u00f3n y entrega premios: 23 octubre a las 19 h <\/p>\n\n<p><strong>Es la mirada lo que est\u00e1 en juego<br\/><\/strong><\/p>\n\n<p>La quinta edici\u00f3n del Concurso de Dibujo C\u00e1tedra Jujol \u2013 Rosa Gres invita a los participantes a descubrir nuevas formas de mirar la obra de Jujol. La propuesta consiste en explorar su arquitectura y seleccionar una obra que despierte el inter\u00e9s personal de cada estudiante, para despu\u00e9s representarla gr\u00e1ficamente a trav\u00e9s del dibujo. Esta aproximaci\u00f3n no s\u00f3lo quiere fomentar la observaci\u00f3n atenta y el an\u00e1lisis visual, sino tambi\u00e9n revivir la mirada de Jujol desde la sensibilidad actual de quien la estudia.  <br\/><\/p>\n\n<p>El objetivo principal del Concurso de Dibujo es fomentar el estudio y la difusi\u00f3n de la forma de hacer de Josep Maria Jujol, acercando la obra de este genial arquitecto a estudiantes universitarios, tanto nacionales como internacionales.<\/p>\n\n<p><br\/>El concurso, organizado por la C\u00e1tedra Jujol de la Universidad Polit\u00e9cnica de Catalu\u00f1a UPC Barcelona Tech, est\u00e1 patrocinado por la empresa de cer\u00e1mica ROSA GRES, con la colaboraci\u00f3n del Ayuntamiento de Sant Joan Desp\u00ed.<\/p>\n\n<p>Horario de exposici\u00f3n<br\/> Inauguraci\u00f3n: 23 de octubre a las 19 horas<br\/> D\u00edas 24 de 10 a 13 horas y 27 de 10 a 13 horas y de 17 a 20 horas<br\/> Los d\u00edas 25 y 26 en el marco del festival 48 h Open House de 10 a 14 horas, y de 16 a 20 horas, en la visita guiada a la casa.<\/p>\n\n<p>Los participantes han elegido entre dos modalidades de participaci\u00f3n:<br\/><strong>DIBUJO \u201cIN SITU\u201d<\/strong> : Dibujo elaborado a partir de una visita al sitio, mediante t\u00e9cnicas manuales como l\u00e1pices, acuarela, tinta, t\u00e9cnicas mixtas, etc. Puede representar el exterior, el interior, una visi\u00f3n general, parcial o de detalle, etc., y debe poner en valor alg\u00fan aspecto de su universo creativo. <br\/><strong>DIBUJO INTERPRETATIVO<\/strong> : Dibujo creativo elaborado a partir de bibliograf\u00eda, material de archivo, etc, mediante redibujo manual o h\u00edbrido, collage, fotomontaje, artefacto, t\u00e9cnicas mixtas, etc.<\/p>\n\n<p><strong>MIRADAS EN JUJOL \u00b7 MIRADAS EN JUJOL<br\/><\/strong> En la V edici\u00f3n del Concurso de Dibujo C\u00e1tedra Jujol Rosa Gres, los participantes han aportado su mirada sobre obras tan emblem\u00e1ticas como Can Negre, la Torre de la Cruz, la<br\/> Casa Bofarull, el Santuario de Montferri, la fachada de la Casa Batll\u00f3, la Casa Planells, la Finca San Salvador, el banco del Parque G\u00fcell, la desaparecida Casa Ma\u00f1ach, la Ermita del<br\/> Roser, la Iglesia de Vistabella, la Casa de la Familia o la Casa Ximenis.<br\/>En la V edici\u00f3n del Concurso de Dibujo C\u00e1tedra Jujol Rosa Gres, los participantes han aportado su mirada sobre obras tan emblem\u00e1ticas como Casa Negra, Torre de la Cruz, Casa<br\/> Bofarull, Santuario de Montferri, la fachada de Casa Batll\u00f3, Casa Planells, Finca San Salvador, el banco del Parque G\u00fcell, la desaparecida Casa Ma\u00f1ach, Ermita del Rosario, Iglesia<br\/> de Vistabella, Casa de la Familia o la Casa Ximenis.<br\/><\/p>\n\n<p>El jurado ha seleccionado dibujos de estudiantado de:<br\/> ETSAB, ETSAV Universidad Polit\u00e9cnica de Catalu\u00f1a (UPC); ETSA, Universidad Polit\u00e9cnica de Valencia (UPV); FA, Universidad Nacional Aut\u00f3noma de M\u00e9xico (UNAM); FAD, Universidad Aut\u00f3noma del Estado de M\u00e9xico (UAEM); Universidad de Alicante (UA); Universit\u00e9 Libre de Bruxelles (ULB); SoE, Technical University of Munich; Universidad Pompeu Fabra (UPF); Universidad Nacional del Centro del Per\u00fa; Universidad Polit\u00e9cnica de Puerto Rico; Universit\u00e0 degli Studi di Firenze.<\/p>\n\n<p>PRIMER PREMIO \u00b7 PRIMER PREMIO<br\/> IN SITU: Marta Lladonosa Lucas. Casa Batllo remodelaci\u00f3n fachada, Barcelona, \u200b\u200b1906<br\/> INTERPRETATIVO: Dayana Salazar. Casa Planells, Barcelona, \u200b\u200b1923  <br\/><\/p>\n\n<p>SEGUNDO PREMIO \u00b7 SEGUNDO PREMIO<br\/> IN SITU: Josep Eixer\u00e8s Ros. Casa Bofarull, Els Pallaresos, 1913-1933<br\/> INTERPRETATIVO: Alberth Daniel Perez Toro. Casa Planells, Barcelona, \u200b\u200b1923  <br\/><\/p>\n\n<p>TERCER PREMIO \u00b7 TERCER PREMIO<br\/> IN SITU: Mireia Puig Verdaguer. Casa Planells, Barcelona, \u200b\u200b1923<br\/> INTERPRETATIVO: Laia Chamorro Pla. Iglesia de Vistabella.   1918<br\/><\/p>\n\n<p>ACCESITOS<br\/> IN SITU: Romane Frejafon, Aina Gili Marino, Xenia Torrej\u00f3n<br\/> INTERPRETATIVO: Meritxell Carpintero Valldeneu, Laia Chamorro Pla,<br\/> Ona Serra Carri\u00f3.<\/p>\n","protected":false},"excerpt":{"rendered":"<p>En la Torre de la Cruz. inauguraci\u00f3n y entrega premios: 23 octubre a las 19 h Es la mirada lo que est\u00e1 en juego La quinta edici\u00f3n del Concurso de Dibujo C\u00e1tedra Jujol \u2013 Rosa Gres invita a los participantes a descubrir nuevas formas de mirar la obra de Jujol. La propuesta consiste en explorar&#8230;<\/p>\n","protected":false},"author":1067,"featured_media":19248,"comment_status":"closed","ping_status":"closed","sticky":false,"template":"","format":"standard","meta":{"inline_featured_image":false,"_kad_blocks_custom_css":"","_kad_blocks_head_custom_js":"","_kad_blocks_body_custom_js":"","_kad_blocks_footer_custom_js":"","_kad_post_transparent":"","_kad_post_title":"","_kad_post_layout":"","_kad_post_sidebar_id":"","_kad_post_content_style":"","_kad_post_vertical_padding":"","_kad_post_feature":"","_kad_post_feature_position":"","_kad_post_header":false,"_kad_post_footer":false,"_kad_post_classname":"","footnotes":""},"categories":[356],"tags":[],"class_list":["post-19252","post","type-post","status-publish","format-standard","has-post-thumbnail","hentry","category-exposiciones-es"],"yoast_head":"<!-- This site is optimized with the Yoast SEO plugin v27.5 - https:\/\/yoast.com\/product\/yoast-seo-wordpress\/ -->\n<title>V Concurso de dibujo C\u00e1tedra Julol- Rosa Gres - Plataforma Centre Jujol - Can Negre<\/title>\n<meta name=\"robots\" content=\"index, follow, max-snippet:-1, max-image-preview:large, max-video-preview:-1\" \/>\n<link rel=\"canonical\" href=\"https:\/\/centrejujolcannegre.cat\/es\/v-concurso-de-dibujo-catedra-julol-rosa-gres\/\" \/>\n<meta property=\"og:locale\" content=\"es_ES\" \/>\n<meta property=\"og:type\" content=\"article\" \/>\n<meta property=\"og:title\" content=\"V Concurso de dibujo C\u00e1tedra Julol- Rosa Gres - Plataforma Centre Jujol - Can Negre\" \/>\n<meta property=\"og:description\" content=\"En la Torre de la Cruz. inauguraci\u00f3n y entrega premios: 23 octubre a las 19 h Es la mirada lo que est\u00e1 en juego La quinta edici\u00f3n del Concurso de Dibujo C\u00e1tedra Jujol \u2013 Rosa Gres invita a los participantes a descubrir nuevas formas de mirar la obra de Jujol. La propuesta consiste en explorar...\" \/>\n<meta property=\"og:url\" content=\"https:\/\/centrejujolcannegre.cat\/es\/v-concurso-de-dibujo-catedra-julol-rosa-gres\/\" \/>\n<meta property=\"og:site_name\" content=\"Plataforma Centre Jujol - Can Negre\" \/>\n<meta property=\"article:publisher\" content=\"https:\/\/www.facebook.com\/cannegre\" \/>\n<meta property=\"article:published_time\" content=\"2025-10-22T09:35:00+00:00\" \/>\n<meta property=\"article:modified_time\" content=\"2025-10-22T09:41:32+00:00\" \/>\n<meta property=\"og:image\" content=\"https:\/\/centrejujolcannegre.cat\/wp-content\/uploads\/2025\/10\/02.png\" \/>\n\t<meta property=\"og:image:width\" content=\"473\" \/>\n\t<meta property=\"og:image:height\" content=\"475\" \/>\n\t<meta property=\"og:image:type\" content=\"image\/png\" \/>\n<meta name=\"author\" content=\"M\u00f3nica Barahona Pascual\" \/>\n<meta name=\"twitter:card\" content=\"summary_large_image\" \/>\n<meta name=\"twitter:creator\" content=\"@cannegresjd\" \/>\n<meta name=\"twitter:site\" content=\"@cannegresjd\" \/>\n<meta name=\"twitter:label1\" content=\"Escrito por\" \/>\n\t<meta name=\"twitter:data1\" content=\"M\u00f3nica Barahona Pascual\" \/>\n\t<meta name=\"twitter:label2\" content=\"Tiempo de lectura\" \/>\n\t<meta name=\"twitter:data2\" content=\"3 minutos\" \/>\n<script type=\"application\/ld+json\" class=\"yoast-schema-graph\">{\"@context\":\"https:\\\/\\\/schema.org\",\"@graph\":[{\"@type\":\"Article\",\"@id\":\"https:\\\/\\\/centrejujolcannegre.cat\\\/es\\\/v-concurso-de-dibujo-catedra-julol-rosa-gres\\\/#article\",\"isPartOf\":{\"@id\":\"https:\\\/\\\/centrejujolcannegre.cat\\\/es\\\/v-concurso-de-dibujo-catedra-julol-rosa-gres\\\/\"},\"author\":{\"name\":\"M\u00f3nica Barahona Pascual\",\"@id\":\"https:\\\/\\\/centrejujolcannegre.cat\\\/es\\\/#\\\/schema\\\/person\\\/174733455c82bd88c7ba70710d7145f4\"},\"headline\":\"V Concurso de dibujo C\u00e1tedra Julol- Rosa Gres\",\"datePublished\":\"2025-10-22T09:35:00+00:00\",\"dateModified\":\"2025-10-22T09:41:32+00:00\",\"mainEntityOfPage\":{\"@id\":\"https:\\\/\\\/centrejujolcannegre.cat\\\/es\\\/v-concurso-de-dibujo-catedra-julol-rosa-gres\\\/\"},\"wordCount\":660,\"publisher\":{\"@id\":\"https:\\\/\\\/centrejujolcannegre.cat\\\/es\\\/#organization\"},\"image\":{\"@id\":\"https:\\\/\\\/centrejujolcannegre.cat\\\/es\\\/v-concurso-de-dibujo-catedra-julol-rosa-gres\\\/#primaryimage\"},\"thumbnailUrl\":\"https:\\\/\\\/centrejujolcannegre.cat\\\/wp-content\\\/uploads\\\/2025\\\/10\\\/02.png\",\"articleSection\":[\"Exposiciones\"],\"inLanguage\":\"es\"},{\"@type\":\"WebPage\",\"@id\":\"https:\\\/\\\/centrejujolcannegre.cat\\\/es\\\/v-concurso-de-dibujo-catedra-julol-rosa-gres\\\/\",\"url\":\"https:\\\/\\\/centrejujolcannegre.cat\\\/es\\\/v-concurso-de-dibujo-catedra-julol-rosa-gres\\\/\",\"name\":\"V Concurso de dibujo C\u00e1tedra Julol- Rosa Gres - Plataforma Centre Jujol - Can Negre\",\"isPartOf\":{\"@id\":\"https:\\\/\\\/centrejujolcannegre.cat\\\/es\\\/#website\"},\"primaryImageOfPage\":{\"@id\":\"https:\\\/\\\/centrejujolcannegre.cat\\\/es\\\/v-concurso-de-dibujo-catedra-julol-rosa-gres\\\/#primaryimage\"},\"image\":{\"@id\":\"https:\\\/\\\/centrejujolcannegre.cat\\\/es\\\/v-concurso-de-dibujo-catedra-julol-rosa-gres\\\/#primaryimage\"},\"thumbnailUrl\":\"https:\\\/\\\/centrejujolcannegre.cat\\\/wp-content\\\/uploads\\\/2025\\\/10\\\/02.png\",\"datePublished\":\"2025-10-22T09:35:00+00:00\",\"dateModified\":\"2025-10-22T09:41:32+00:00\",\"breadcrumb\":{\"@id\":\"https:\\\/\\\/centrejujolcannegre.cat\\\/es\\\/v-concurso-de-dibujo-catedra-julol-rosa-gres\\\/#breadcrumb\"},\"inLanguage\":\"es\",\"potentialAction\":[{\"@type\":\"ReadAction\",\"target\":[\"https:\\\/\\\/centrejujolcannegre.cat\\\/es\\\/v-concurso-de-dibujo-catedra-julol-rosa-gres\\\/\"]}]},{\"@type\":\"ImageObject\",\"inLanguage\":\"es\",\"@id\":\"https:\\\/\\\/centrejujolcannegre.cat\\\/es\\\/v-concurso-de-dibujo-catedra-julol-rosa-gres\\\/#primaryimage\",\"url\":\"https:\\\/\\\/centrejujolcannegre.cat\\\/wp-content\\\/uploads\\\/2025\\\/10\\\/02.png\",\"contentUrl\":\"https:\\\/\\\/centrejujolcannegre.cat\\\/wp-content\\\/uploads\\\/2025\\\/10\\\/02.png\",\"width\":473,\"height\":475},{\"@type\":\"BreadcrumbList\",\"@id\":\"https:\\\/\\\/centrejujolcannegre.cat\\\/es\\\/v-concurso-de-dibujo-catedra-julol-rosa-gres\\\/#breadcrumb\",\"itemListElement\":[{\"@type\":\"ListItem\",\"position\":1,\"name\":\"Portada\",\"item\":\"https:\\\/\\\/centrejujolcannegre.cat\\\/es\\\/\"},{\"@type\":\"ListItem\",\"position\":2,\"name\":\"V Concurso de dibujo C\u00e1tedra Julol- Rosa Gres\"}]},{\"@type\":\"WebSite\",\"@id\":\"https:\\\/\\\/centrejujolcannegre.cat\\\/es\\\/#website\",\"url\":\"https:\\\/\\\/centrejujolcannegre.cat\\\/es\\\/\",\"name\":\"Plataforma Centre Jujol - Can Negre\",\"description\":\"Plataforma de venta d&#039;entradas d&#039;activitats, exposicions i circuits culturals a Museus i l&#039;Escola d&#039;Art de de Sant Joan Desp\u00ed\",\"publisher\":{\"@id\":\"https:\\\/\\\/centrejujolcannegre.cat\\\/es\\\/#organization\"},\"potentialAction\":[{\"@type\":\"SearchAction\",\"target\":{\"@type\":\"EntryPoint\",\"urlTemplate\":\"https:\\\/\\\/centrejujolcannegre.cat\\\/es\\\/?s={search_term_string}\"},\"query-input\":{\"@type\":\"PropertyValueSpecification\",\"valueRequired\":true,\"valueName\":\"search_term_string\"}}],\"inLanguage\":\"es\"},{\"@type\":\"Organization\",\"@id\":\"https:\\\/\\\/centrejujolcannegre.cat\\\/es\\\/#organization\",\"name\":\"Centre Jujol - Can Negre\",\"url\":\"https:\\\/\\\/centrejujolcannegre.cat\\\/es\\\/\",\"logo\":{\"@type\":\"ImageObject\",\"inLanguage\":\"es\",\"@id\":\"https:\\\/\\\/centrejujolcannegre.cat\\\/es\\\/#\\\/schema\\\/logo\\\/image\\\/\",\"url\":\"https:\\\/\\\/centrejujolcannegre.cat\\\/wp-content\\\/uploads\\\/2024\\\/05\\\/logo-centre-jujol-can-negre.svg\",\"contentUrl\":\"https:\\\/\\\/centrejujolcannegre.cat\\\/wp-content\\\/uploads\\\/2024\\\/05\\\/logo-centre-jujol-can-negre.svg\",\"caption\":\"Centre Jujol - Can Negre\"},\"image\":{\"@id\":\"https:\\\/\\\/centrejujolcannegre.cat\\\/es\\\/#\\\/schema\\\/logo\\\/image\\\/\"},\"sameAs\":[\"https:\\\/\\\/www.facebook.com\\\/cannegre\",\"https:\\\/\\\/x.com\\\/cannegresjd\"]},{\"@type\":\"Person\",\"@id\":\"https:\\\/\\\/centrejujolcannegre.cat\\\/es\\\/#\\\/schema\\\/person\\\/174733455c82bd88c7ba70710d7145f4\",\"name\":\"M\u00f3nica Barahona Pascual\",\"image\":{\"@type\":\"ImageObject\",\"inLanguage\":\"es\",\"@id\":\"https:\\\/\\\/secure.gravatar.com\\\/avatar\\\/b5e186611bc64474985d48d6199ef277edfdb2cf509ad7718183ee58633e0116?s=96&d=mm&r=g\",\"url\":\"https:\\\/\\\/secure.gravatar.com\\\/avatar\\\/b5e186611bc64474985d48d6199ef277edfdb2cf509ad7718183ee58633e0116?s=96&d=mm&r=g\",\"contentUrl\":\"https:\\\/\\\/secure.gravatar.com\\\/avatar\\\/b5e186611bc64474985d48d6199ef277edfdb2cf509ad7718183ee58633e0116?s=96&d=mm&r=g\",\"caption\":\"M\u00f3nica Barahona Pascual\"}}]}<\/script>\n<!-- \/ Yoast SEO plugin. -->","yoast_head_json":{"title":"V Concurso de dibujo C\u00e1tedra Julol- Rosa Gres - Plataforma Centre Jujol - Can Negre","robots":{"index":"index","follow":"follow","max-snippet":"max-snippet:-1","max-image-preview":"max-image-preview:large","max-video-preview":"max-video-preview:-1"},"canonical":"https:\/\/centrejujolcannegre.cat\/es\/v-concurso-de-dibujo-catedra-julol-rosa-gres\/","og_locale":"es_ES","og_type":"article","og_title":"V Concurso de dibujo C\u00e1tedra Julol- Rosa Gres - Plataforma Centre Jujol - Can Negre","og_description":"En la Torre de la Cruz. inauguraci\u00f3n y entrega premios: 23 octubre a las 19 h Es la mirada lo que est\u00e1 en juego La quinta edici\u00f3n del Concurso de Dibujo C\u00e1tedra Jujol \u2013 Rosa Gres invita a los participantes a descubrir nuevas formas de mirar la obra de Jujol. La propuesta consiste en explorar...","og_url":"https:\/\/centrejujolcannegre.cat\/es\/v-concurso-de-dibujo-catedra-julol-rosa-gres\/","og_site_name":"Plataforma Centre Jujol - Can Negre","article_publisher":"https:\/\/www.facebook.com\/cannegre","article_published_time":"2025-10-22T09:35:00+00:00","article_modified_time":"2025-10-22T09:41:32+00:00","og_image":[{"width":473,"height":475,"url":"https:\/\/centrejujolcannegre.cat\/wp-content\/uploads\/2025\/10\/02.png","type":"image\/png"}],"author":"M\u00f3nica Barahona Pascual","twitter_card":"summary_large_image","twitter_creator":"@cannegresjd","twitter_site":"@cannegresjd","twitter_misc":{"Escrito por":"M\u00f3nica Barahona Pascual","Tiempo de lectura":"3 minutos"},"schema":{"@context":"https:\/\/schema.org","@graph":[{"@type":"Article","@id":"https:\/\/centrejujolcannegre.cat\/es\/v-concurso-de-dibujo-catedra-julol-rosa-gres\/#article","isPartOf":{"@id":"https:\/\/centrejujolcannegre.cat\/es\/v-concurso-de-dibujo-catedra-julol-rosa-gres\/"},"author":{"name":"M\u00f3nica Barahona Pascual","@id":"https:\/\/centrejujolcannegre.cat\/es\/#\/schema\/person\/174733455c82bd88c7ba70710d7145f4"},"headline":"V Concurso de dibujo C\u00e1tedra Julol- Rosa Gres","datePublished":"2025-10-22T09:35:00+00:00","dateModified":"2025-10-22T09:41:32+00:00","mainEntityOfPage":{"@id":"https:\/\/centrejujolcannegre.cat\/es\/v-concurso-de-dibujo-catedra-julol-rosa-gres\/"},"wordCount":660,"publisher":{"@id":"https:\/\/centrejujolcannegre.cat\/es\/#organization"},"image":{"@id":"https:\/\/centrejujolcannegre.cat\/es\/v-concurso-de-dibujo-catedra-julol-rosa-gres\/#primaryimage"},"thumbnailUrl":"https:\/\/centrejujolcannegre.cat\/wp-content\/uploads\/2025\/10\/02.png","articleSection":["Exposiciones"],"inLanguage":"es"},{"@type":"WebPage","@id":"https:\/\/centrejujolcannegre.cat\/es\/v-concurso-de-dibujo-catedra-julol-rosa-gres\/","url":"https:\/\/centrejujolcannegre.cat\/es\/v-concurso-de-dibujo-catedra-julol-rosa-gres\/","name":"V Concurso de dibujo C\u00e1tedra Julol- Rosa Gres - Plataforma Centre Jujol - Can Negre","isPartOf":{"@id":"https:\/\/centrejujolcannegre.cat\/es\/#website"},"primaryImageOfPage":{"@id":"https:\/\/centrejujolcannegre.cat\/es\/v-concurso-de-dibujo-catedra-julol-rosa-gres\/#primaryimage"},"image":{"@id":"https:\/\/centrejujolcannegre.cat\/es\/v-concurso-de-dibujo-catedra-julol-rosa-gres\/#primaryimage"},"thumbnailUrl":"https:\/\/centrejujolcannegre.cat\/wp-content\/uploads\/2025\/10\/02.png","datePublished":"2025-10-22T09:35:00+00:00","dateModified":"2025-10-22T09:41:32+00:00","breadcrumb":{"@id":"https:\/\/centrejujolcannegre.cat\/es\/v-concurso-de-dibujo-catedra-julol-rosa-gres\/#breadcrumb"},"inLanguage":"es","potentialAction":[{"@type":"ReadAction","target":["https:\/\/centrejujolcannegre.cat\/es\/v-concurso-de-dibujo-catedra-julol-rosa-gres\/"]}]},{"@type":"ImageObject","inLanguage":"es","@id":"https:\/\/centrejujolcannegre.cat\/es\/v-concurso-de-dibujo-catedra-julol-rosa-gres\/#primaryimage","url":"https:\/\/centrejujolcannegre.cat\/wp-content\/uploads\/2025\/10\/02.png","contentUrl":"https:\/\/centrejujolcannegre.cat\/wp-content\/uploads\/2025\/10\/02.png","width":473,"height":475},{"@type":"BreadcrumbList","@id":"https:\/\/centrejujolcannegre.cat\/es\/v-concurso-de-dibujo-catedra-julol-rosa-gres\/#breadcrumb","itemListElement":[{"@type":"ListItem","position":1,"name":"Portada","item":"https:\/\/centrejujolcannegre.cat\/es\/"},{"@type":"ListItem","position":2,"name":"V Concurso de dibujo C\u00e1tedra Julol- Rosa Gres"}]},{"@type":"WebSite","@id":"https:\/\/centrejujolcannegre.cat\/es\/#website","url":"https:\/\/centrejujolcannegre.cat\/es\/","name":"Plataforma Centre Jujol - Can Negre","description":"Plataforma de venta d&#039;entradas d&#039;activitats, exposicions i circuits culturals a Museus i l&#039;Escola d&#039;Art de de Sant Joan Desp\u00ed","publisher":{"@id":"https:\/\/centrejujolcannegre.cat\/es\/#organization"},"potentialAction":[{"@type":"SearchAction","target":{"@type":"EntryPoint","urlTemplate":"https:\/\/centrejujolcannegre.cat\/es\/?s={search_term_string}"},"query-input":{"@type":"PropertyValueSpecification","valueRequired":true,"valueName":"search_term_string"}}],"inLanguage":"es"},{"@type":"Organization","@id":"https:\/\/centrejujolcannegre.cat\/es\/#organization","name":"Centre Jujol - Can Negre","url":"https:\/\/centrejujolcannegre.cat\/es\/","logo":{"@type":"ImageObject","inLanguage":"es","@id":"https:\/\/centrejujolcannegre.cat\/es\/#\/schema\/logo\/image\/","url":"https:\/\/centrejujolcannegre.cat\/wp-content\/uploads\/2024\/05\/logo-centre-jujol-can-negre.svg","contentUrl":"https:\/\/centrejujolcannegre.cat\/wp-content\/uploads\/2024\/05\/logo-centre-jujol-can-negre.svg","caption":"Centre Jujol - Can Negre"},"image":{"@id":"https:\/\/centrejujolcannegre.cat\/es\/#\/schema\/logo\/image\/"},"sameAs":["https:\/\/www.facebook.com\/cannegre","https:\/\/x.com\/cannegresjd"]},{"@type":"Person","@id":"https:\/\/centrejujolcannegre.cat\/es\/#\/schema\/person\/174733455c82bd88c7ba70710d7145f4","name":"M\u00f3nica Barahona Pascual","image":{"@type":"ImageObject","inLanguage":"es","@id":"https:\/\/secure.gravatar.com\/avatar\/b5e186611bc64474985d48d6199ef277edfdb2cf509ad7718183ee58633e0116?s=96&d=mm&r=g","url":"https:\/\/secure.gravatar.com\/avatar\/b5e186611bc64474985d48d6199ef277edfdb2cf509ad7718183ee58633e0116?s=96&d=mm&r=g","contentUrl":"https:\/\/secure.gravatar.com\/avatar\/b5e186611bc64474985d48d6199ef277edfdb2cf509ad7718183ee58633e0116?s=96&d=mm&r=g","caption":"M\u00f3nica Barahona Pascual"}}]}},"taxonomy_info":{"category":[{"value":356,"label":"Exposiciones"}]},"featured_image_src_large":["https:\/\/centrejujolcannegre.cat\/wp-content\/uploads\/2025\/10\/02.png",473,475,false],"author_info":{"display_name":"M\u00f3nica Barahona Pascual","author_link":"https:\/\/centrejujolcannegre.cat\/es\/author\/monicabp\/"},"comment_info":0,"category_info":[{"term_id":356,"name":"Exposiciones","slug":"exposiciones-es","term_group":0,"term_taxonomy_id":356,"taxonomy":"category","description":"","parent":0,"count":19,"filter":"raw","cat_ID":356,"category_count":19,"category_description":"","cat_name":"Exposiciones","category_nicename":"exposiciones-es","category_parent":0}],"tag_info":false,"_links":{"self":[{"href":"https:\/\/centrejujolcannegre.cat\/es\/wp-json\/wp\/v2\/posts\/19252","targetHints":{"allow":["GET"]}}],"collection":[{"href":"https:\/\/centrejujolcannegre.cat\/es\/wp-json\/wp\/v2\/posts"}],"about":[{"href":"https:\/\/centrejujolcannegre.cat\/es\/wp-json\/wp\/v2\/types\/post"}],"author":[{"embeddable":true,"href":"https:\/\/centrejujolcannegre.cat\/es\/wp-json\/wp\/v2\/users\/1067"}],"replies":[{"embeddable":true,"href":"https:\/\/centrejujolcannegre.cat\/es\/wp-json\/wp\/v2\/comments?post=19252"}],"version-history":[{"count":2,"href":"https:\/\/centrejujolcannegre.cat\/es\/wp-json\/wp\/v2\/posts\/19252\/revisions"}],"predecessor-version":[{"id":19261,"href":"https:\/\/centrejujolcannegre.cat\/es\/wp-json\/wp\/v2\/posts\/19252\/revisions\/19261"}],"wp:featuredmedia":[{"embeddable":true,"href":"https:\/\/centrejujolcannegre.cat\/es\/wp-json\/wp\/v2\/media\/19248"}],"wp:attachment":[{"href":"https:\/\/centrejujolcannegre.cat\/es\/wp-json\/wp\/v2\/media?parent=19252"}],"wp:term":[{"taxonomy":"category","embeddable":true,"href":"https:\/\/centrejujolcannegre.cat\/es\/wp-json\/wp\/v2\/categories?post=19252"},{"taxonomy":"post_tag","embeddable":true,"href":"https:\/\/centrejujolcannegre.cat\/es\/wp-json\/wp\/v2\/tags?post=19252"}],"curies":[{"name":"wp","href":"https:\/\/api.w.org\/{rel}","templated":true}]}}