{"id":19770,"date":"2025-11-03T11:15:00","date_gmt":"2025-11-03T10:15:00","guid":{"rendered":"https:\/\/centrejujolcannegre.cat\/llobregat-naturaleza-escondida-de-edgar-madrenys-y-concurso-de-fotografia-de-naturaleza-de-sant-joan-despi\/"},"modified":"2025-11-03T12:26:07","modified_gmt":"2025-11-03T11:26:07","slug":"llobregat-naturaleza-escondida-de-edgar-madrenys-y-concurso-de-fotografia-de-naturaleza-de-sant-joan-despi","status":"publish","type":"post","link":"https:\/\/centrejujolcannegre.cat\/es\/llobregat-naturaleza-escondida-de-edgar-madrenys-y-concurso-de-fotografia-de-naturaleza-de-sant-joan-despi\/","title":{"rendered":"Llobregat, naturaleza escondida, de Edgar Madrenys y Concurso de fotograf\u00eda de naturaleza de Sant Joan Desp\u00ed"},"content":{"rendered":"\n<p>Del 7 al 23 de noviembre de 2025<\/p>\n\n<p>Inauguraci\u00f3n: 6 de noviembre a las 19.30 horas<\/p>\n\n<p><strong>Llobregat, naturaleza escondida<br\/><\/strong> Edgar Madrenys, fot\u00f3grafo de naturaleza profesional, quiere acercarse con esta propuesta fotogr\u00e1fica del tramo bajo del r\u00edo Llobregat. Esta exposici\u00f3n es fruto de un trabajo de m\u00e1s de cinco a\u00f1os captando im\u00e1genes sorprendentes de la riqueza natural del entorno del Llobregat. <\/p>\n\n<p><strong>Concurso de fotograf\u00eda de naturaleza de Sant Joan Desp\u00ed<br\/><\/strong> Exposici\u00f3n de las fotograf\u00edas participantes en la 1a edici\u00f3n del concurso que representan mejor la naturaleza del municipio de Sant Joan Desp\u00ed. A trav\u00e9s de esta recopilaci\u00f3n fotogr\u00e1fica se quiere poner en valor la flora y fauna del municipio. <\/p>\n\n<p><\/p>\n","protected":false},"excerpt":{"rendered":"<p>Del 7 al 23 de noviembre de 2025 Inauguraci\u00f3n: 6 de noviembre a las 19.30 horas Llobregat, naturaleza escondida Edgar Madrenys, fot\u00f3grafo de naturaleza profesional, quiere acercarse con esta propuesta fotogr\u00e1fica del tramo bajo del r\u00edo Llobregat. Esta exposici\u00f3n es fruto de un trabajo de m\u00e1s de cinco a\u00f1os captando im\u00e1genes sorprendentes de la riqueza&#8230;<\/p>\n","protected":false},"author":1067,"featured_media":19763,"comment_status":"closed","ping_status":"closed","sticky":false,"template":"","format":"standard","meta":{"inline_featured_image":false,"_kad_blocks_custom_css":"","_kad_blocks_head_custom_js":"","_kad_blocks_body_custom_js":"","_kad_blocks_footer_custom_js":"","_kad_post_transparent":"","_kad_post_title":"","_kad_post_layout":"","_kad_post_sidebar_id":"","_kad_post_content_style":"","_kad_post_vertical_padding":"","_kad_post_feature":"","_kad_post_feature_position":"","_kad_post_header":false,"_kad_post_footer":false,"_kad_post_classname":"","footnotes":""},"categories":[356,351],"tags":[],"class_list":["post-19770","post","type-post","status-publish","format-standard","has-post-thumbnail","hentry","category-exposiciones-es","category-sin-categorizar-es"],"yoast_head":"<!-- This site is optimized with the Yoast SEO plugin v27.5 - https:\/\/yoast.com\/product\/yoast-seo-wordpress\/ -->\n<title>Llobregat, naturaleza escondida, de Edgar Madrenys y Concurso de fotograf\u00eda de naturaleza de Sant Joan Desp\u00ed - Plataforma Centre Jujol - Can Negre<\/title>\n<meta name=\"robots\" content=\"index, follow, max-snippet:-1, max-image-preview:large, max-video-preview:-1\" \/>\n<link rel=\"canonical\" href=\"https:\/\/centrejujolcannegre.cat\/es\/llobregat-naturaleza-escondida-de-edgar-madrenys-y-concurso-de-fotografia-de-naturaleza-de-sant-joan-despi\/\" \/>\n<meta property=\"og:locale\" content=\"es_ES\" \/>\n<meta property=\"og:type\" content=\"article\" \/>\n<meta property=\"og:title\" content=\"Llobregat, naturaleza escondida, de Edgar Madrenys y Concurso de fotograf\u00eda de naturaleza de Sant Joan Desp\u00ed - Plataforma Centre Jujol - Can Negre\" \/>\n<meta property=\"og:description\" content=\"Del 7 al 23 de noviembre de 2025 Inauguraci\u00f3n: 6 de noviembre a las 19.30 horas Llobregat, naturaleza escondida Edgar Madrenys, fot\u00f3grafo de naturaleza profesional, quiere acercarse con esta propuesta fotogr\u00e1fica del tramo bajo del r\u00edo Llobregat. Esta exposici\u00f3n es fruto de un trabajo de m\u00e1s de cinco a\u00f1os captando im\u00e1genes sorprendentes de la riqueza...\" \/>\n<meta property=\"og:url\" content=\"https:\/\/centrejujolcannegre.cat\/es\/llobregat-naturaleza-escondida-de-edgar-madrenys-y-concurso-de-fotografia-de-naturaleza-de-sant-joan-despi\/\" \/>\n<meta property=\"og:site_name\" content=\"Plataforma Centre Jujol - Can Negre\" \/>\n<meta property=\"article:publisher\" content=\"https:\/\/www.facebook.com\/cannegre\" \/>\n<meta property=\"article:published_time\" content=\"2025-11-03T10:15:00+00:00\" \/>\n<meta property=\"article:modified_time\" content=\"2025-11-03T11:26:07+00:00\" \/>\n<meta property=\"og:image\" content=\"https:\/\/centrejujolcannegre.cat\/wp-content\/uploads\/2025\/11\/portada.png\" \/>\n\t<meta property=\"og:image:width\" content=\"803\" \/>\n\t<meta property=\"og:image:height\" content=\"588\" \/>\n\t<meta property=\"og:image:type\" content=\"image\/png\" \/>\n<meta name=\"author\" content=\"M\u00f3nica Barahona Pascual\" \/>\n<meta name=\"twitter:card\" content=\"summary_large_image\" \/>\n<meta name=\"twitter:creator\" content=\"@cannegresjd\" \/>\n<meta name=\"twitter:site\" content=\"@cannegresjd\" \/>\n<meta name=\"twitter:label1\" content=\"Escrito por\" \/>\n\t<meta name=\"twitter:data1\" content=\"M\u00f3nica Barahona Pascual\" \/>\n\t<meta name=\"twitter:label2\" content=\"Tiempo de lectura\" \/>\n\t<meta name=\"twitter:data2\" content=\"1 minuto\" \/>\n<script type=\"application\/ld+json\" class=\"yoast-schema-graph\">{\"@context\":\"https:\\\/\\\/schema.org\",\"@graph\":[{\"@type\":\"Article\",\"@id\":\"https:\\\/\\\/centrejujolcannegre.cat\\\/es\\\/llobregat-naturaleza-escondida-de-edgar-madrenys-y-concurso-de-fotografia-de-naturaleza-de-sant-joan-despi\\\/#article\",\"isPartOf\":{\"@id\":\"https:\\\/\\\/centrejujolcannegre.cat\\\/es\\\/llobregat-naturaleza-escondida-de-edgar-madrenys-y-concurso-de-fotografia-de-naturaleza-de-sant-joan-despi\\\/\"},\"author\":{\"name\":\"M\u00f3nica Barahona Pascual\",\"@id\":\"https:\\\/\\\/centrejujolcannegre.cat\\\/es\\\/#\\\/schema\\\/person\\\/174733455c82bd88c7ba70710d7145f4\"},\"headline\":\"Llobregat, naturaleza escondida, de Edgar Madrenys y Concurso de fotograf\u00eda de naturaleza de Sant Joan Desp\u00ed\",\"datePublished\":\"2025-11-03T10:15:00+00:00\",\"dateModified\":\"2025-11-03T11:26:07+00:00\",\"mainEntityOfPage\":{\"@id\":\"https:\\\/\\\/centrejujolcannegre.cat\\\/es\\\/llobregat-naturaleza-escondida-de-edgar-madrenys-y-concurso-de-fotografia-de-naturaleza-de-sant-joan-despi\\\/\"},\"wordCount\":135,\"publisher\":{\"@id\":\"https:\\\/\\\/centrejujolcannegre.cat\\\/es\\\/#organization\"},\"image\":{\"@id\":\"https:\\\/\\\/centrejujolcannegre.cat\\\/es\\\/llobregat-naturaleza-escondida-de-edgar-madrenys-y-concurso-de-fotografia-de-naturaleza-de-sant-joan-despi\\\/#primaryimage\"},\"thumbnailUrl\":\"https:\\\/\\\/centrejujolcannegre.cat\\\/wp-content\\\/uploads\\\/2025\\\/11\\\/portada.png\",\"articleSection\":[\"Exposiciones\",\"Sin categorizar\"],\"inLanguage\":\"es\"},{\"@type\":\"WebPage\",\"@id\":\"https:\\\/\\\/centrejujolcannegre.cat\\\/es\\\/llobregat-naturaleza-escondida-de-edgar-madrenys-y-concurso-de-fotografia-de-naturaleza-de-sant-joan-despi\\\/\",\"url\":\"https:\\\/\\\/centrejujolcannegre.cat\\\/es\\\/llobregat-naturaleza-escondida-de-edgar-madrenys-y-concurso-de-fotografia-de-naturaleza-de-sant-joan-despi\\\/\",\"name\":\"Llobregat, naturaleza escondida, de Edgar Madrenys y Concurso de fotograf\u00eda de naturaleza de Sant Joan Desp\u00ed - Plataforma Centre Jujol - Can Negre\",\"isPartOf\":{\"@id\":\"https:\\\/\\\/centrejujolcannegre.cat\\\/es\\\/#website\"},\"primaryImageOfPage\":{\"@id\":\"https:\\\/\\\/centrejujolcannegre.cat\\\/es\\\/llobregat-naturaleza-escondida-de-edgar-madrenys-y-concurso-de-fotografia-de-naturaleza-de-sant-joan-despi\\\/#primaryimage\"},\"image\":{\"@id\":\"https:\\\/\\\/centrejujolcannegre.cat\\\/es\\\/llobregat-naturaleza-escondida-de-edgar-madrenys-y-concurso-de-fotografia-de-naturaleza-de-sant-joan-despi\\\/#primaryimage\"},\"thumbnailUrl\":\"https:\\\/\\\/centrejujolcannegre.cat\\\/wp-content\\\/uploads\\\/2025\\\/11\\\/portada.png\",\"datePublished\":\"2025-11-03T10:15:00+00:00\",\"dateModified\":\"2025-11-03T11:26:07+00:00\",\"breadcrumb\":{\"@id\":\"https:\\\/\\\/centrejujolcannegre.cat\\\/es\\\/llobregat-naturaleza-escondida-de-edgar-madrenys-y-concurso-de-fotografia-de-naturaleza-de-sant-joan-despi\\\/#breadcrumb\"},\"inLanguage\":\"es\",\"potentialAction\":[{\"@type\":\"ReadAction\",\"target\":[\"https:\\\/\\\/centrejujolcannegre.cat\\\/es\\\/llobregat-naturaleza-escondida-de-edgar-madrenys-y-concurso-de-fotografia-de-naturaleza-de-sant-joan-despi\\\/\"]}]},{\"@type\":\"ImageObject\",\"inLanguage\":\"es\",\"@id\":\"https:\\\/\\\/centrejujolcannegre.cat\\\/es\\\/llobregat-naturaleza-escondida-de-edgar-madrenys-y-concurso-de-fotografia-de-naturaleza-de-sant-joan-despi\\\/#primaryimage\",\"url\":\"https:\\\/\\\/centrejujolcannegre.cat\\\/wp-content\\\/uploads\\\/2025\\\/11\\\/portada.png\",\"contentUrl\":\"https:\\\/\\\/centrejujolcannegre.cat\\\/wp-content\\\/uploads\\\/2025\\\/11\\\/portada.png\",\"width\":803,\"height\":588},{\"@type\":\"BreadcrumbList\",\"@id\":\"https:\\\/\\\/centrejujolcannegre.cat\\\/es\\\/llobregat-naturaleza-escondida-de-edgar-madrenys-y-concurso-de-fotografia-de-naturaleza-de-sant-joan-despi\\\/#breadcrumb\",\"itemListElement\":[{\"@type\":\"ListItem\",\"position\":1,\"name\":\"Portada\",\"item\":\"https:\\\/\\\/centrejujolcannegre.cat\\\/es\\\/\"},{\"@type\":\"ListItem\",\"position\":2,\"name\":\"Llobregat, naturaleza escondida, de Edgar Madrenys y Concurso de fotograf\u00eda de naturaleza de Sant Joan Desp\u00ed\"}]},{\"@type\":\"WebSite\",\"@id\":\"https:\\\/\\\/centrejujolcannegre.cat\\\/es\\\/#website\",\"url\":\"https:\\\/\\\/centrejujolcannegre.cat\\\/es\\\/\",\"name\":\"Plataforma Centre Jujol - Can Negre\",\"description\":\"Plataforma de venta d&#039;entradas d&#039;activitats, exposicions i circuits culturals a Museus i l&#039;Escola d&#039;Art de de Sant Joan Desp\u00ed\",\"publisher\":{\"@id\":\"https:\\\/\\\/centrejujolcannegre.cat\\\/es\\\/#organization\"},\"potentialAction\":[{\"@type\":\"SearchAction\",\"target\":{\"@type\":\"EntryPoint\",\"urlTemplate\":\"https:\\\/\\\/centrejujolcannegre.cat\\\/es\\\/?s={search_term_string}\"},\"query-input\":{\"@type\":\"PropertyValueSpecification\",\"valueRequired\":true,\"valueName\":\"search_term_string\"}}],\"inLanguage\":\"es\"},{\"@type\":\"Organization\",\"@id\":\"https:\\\/\\\/centrejujolcannegre.cat\\\/es\\\/#organization\",\"name\":\"Centre Jujol - Can Negre\",\"url\":\"https:\\\/\\\/centrejujolcannegre.cat\\\/es\\\/\",\"logo\":{\"@type\":\"ImageObject\",\"inLanguage\":\"es\",\"@id\":\"https:\\\/\\\/centrejujolcannegre.cat\\\/es\\\/#\\\/schema\\\/logo\\\/image\\\/\",\"url\":\"https:\\\/\\\/centrejujolcannegre.cat\\\/wp-content\\\/uploads\\\/2024\\\/05\\\/logo-centre-jujol-can-negre.svg\",\"contentUrl\":\"https:\\\/\\\/centrejujolcannegre.cat\\\/wp-content\\\/uploads\\\/2024\\\/05\\\/logo-centre-jujol-can-negre.svg\",\"caption\":\"Centre Jujol - Can Negre\"},\"image\":{\"@id\":\"https:\\\/\\\/centrejujolcannegre.cat\\\/es\\\/#\\\/schema\\\/logo\\\/image\\\/\"},\"sameAs\":[\"https:\\\/\\\/www.facebook.com\\\/cannegre\",\"https:\\\/\\\/x.com\\\/cannegresjd\"]},{\"@type\":\"Person\",\"@id\":\"https:\\\/\\\/centrejujolcannegre.cat\\\/es\\\/#\\\/schema\\\/person\\\/174733455c82bd88c7ba70710d7145f4\",\"name\":\"M\u00f3nica Barahona Pascual\",\"image\":{\"@type\":\"ImageObject\",\"inLanguage\":\"es\",\"@id\":\"https:\\\/\\\/secure.gravatar.com\\\/avatar\\\/b5e186611bc64474985d48d6199ef277edfdb2cf509ad7718183ee58633e0116?s=96&d=mm&r=g\",\"url\":\"https:\\\/\\\/secure.gravatar.com\\\/avatar\\\/b5e186611bc64474985d48d6199ef277edfdb2cf509ad7718183ee58633e0116?s=96&d=mm&r=g\",\"contentUrl\":\"https:\\\/\\\/secure.gravatar.com\\\/avatar\\\/b5e186611bc64474985d48d6199ef277edfdb2cf509ad7718183ee58633e0116?s=96&d=mm&r=g\",\"caption\":\"M\u00f3nica Barahona Pascual\"}}]}<\/script>\n<!-- \/ Yoast SEO plugin. -->","yoast_head_json":{"title":"Llobregat, naturaleza escondida, de Edgar Madrenys y Concurso de fotograf\u00eda de naturaleza de Sant Joan Desp\u00ed - Plataforma Centre Jujol - Can Negre","robots":{"index":"index","follow":"follow","max-snippet":"max-snippet:-1","max-image-preview":"max-image-preview:large","max-video-preview":"max-video-preview:-1"},"canonical":"https:\/\/centrejujolcannegre.cat\/es\/llobregat-naturaleza-escondida-de-edgar-madrenys-y-concurso-de-fotografia-de-naturaleza-de-sant-joan-despi\/","og_locale":"es_ES","og_type":"article","og_title":"Llobregat, naturaleza escondida, de Edgar Madrenys y Concurso de fotograf\u00eda de naturaleza de Sant Joan Desp\u00ed - Plataforma Centre Jujol - Can Negre","og_description":"Del 7 al 23 de noviembre de 2025 Inauguraci\u00f3n: 6 de noviembre a las 19.30 horas Llobregat, naturaleza escondida Edgar Madrenys, fot\u00f3grafo de naturaleza profesional, quiere acercarse con esta propuesta fotogr\u00e1fica del tramo bajo del r\u00edo Llobregat. Esta exposici\u00f3n es fruto de un trabajo de m\u00e1s de cinco a\u00f1os captando im\u00e1genes sorprendentes de la riqueza...","og_url":"https:\/\/centrejujolcannegre.cat\/es\/llobregat-naturaleza-escondida-de-edgar-madrenys-y-concurso-de-fotografia-de-naturaleza-de-sant-joan-despi\/","og_site_name":"Plataforma Centre Jujol - Can Negre","article_publisher":"https:\/\/www.facebook.com\/cannegre","article_published_time":"2025-11-03T10:15:00+00:00","article_modified_time":"2025-11-03T11:26:07+00:00","og_image":[{"width":803,"height":588,"url":"https:\/\/centrejujolcannegre.cat\/wp-content\/uploads\/2025\/11\/portada.png","type":"image\/png"}],"author":"M\u00f3nica Barahona Pascual","twitter_card":"summary_large_image","twitter_creator":"@cannegresjd","twitter_site":"@cannegresjd","twitter_misc":{"Escrito por":"M\u00f3nica Barahona Pascual","Tiempo de lectura":"1 minuto"},"schema":{"@context":"https:\/\/schema.org","@graph":[{"@type":"Article","@id":"https:\/\/centrejujolcannegre.cat\/es\/llobregat-naturaleza-escondida-de-edgar-madrenys-y-concurso-de-fotografia-de-naturaleza-de-sant-joan-despi\/#article","isPartOf":{"@id":"https:\/\/centrejujolcannegre.cat\/es\/llobregat-naturaleza-escondida-de-edgar-madrenys-y-concurso-de-fotografia-de-naturaleza-de-sant-joan-despi\/"},"author":{"name":"M\u00f3nica Barahona Pascual","@id":"https:\/\/centrejujolcannegre.cat\/es\/#\/schema\/person\/174733455c82bd88c7ba70710d7145f4"},"headline":"Llobregat, naturaleza escondida, de Edgar Madrenys y Concurso de fotograf\u00eda de naturaleza de Sant Joan Desp\u00ed","datePublished":"2025-11-03T10:15:00+00:00","dateModified":"2025-11-03T11:26:07+00:00","mainEntityOfPage":{"@id":"https:\/\/centrejujolcannegre.cat\/es\/llobregat-naturaleza-escondida-de-edgar-madrenys-y-concurso-de-fotografia-de-naturaleza-de-sant-joan-despi\/"},"wordCount":135,"publisher":{"@id":"https:\/\/centrejujolcannegre.cat\/es\/#organization"},"image":{"@id":"https:\/\/centrejujolcannegre.cat\/es\/llobregat-naturaleza-escondida-de-edgar-madrenys-y-concurso-de-fotografia-de-naturaleza-de-sant-joan-despi\/#primaryimage"},"thumbnailUrl":"https:\/\/centrejujolcannegre.cat\/wp-content\/uploads\/2025\/11\/portada.png","articleSection":["Exposiciones","Sin categorizar"],"inLanguage":"es"},{"@type":"WebPage","@id":"https:\/\/centrejujolcannegre.cat\/es\/llobregat-naturaleza-escondida-de-edgar-madrenys-y-concurso-de-fotografia-de-naturaleza-de-sant-joan-despi\/","url":"https:\/\/centrejujolcannegre.cat\/es\/llobregat-naturaleza-escondida-de-edgar-madrenys-y-concurso-de-fotografia-de-naturaleza-de-sant-joan-despi\/","name":"Llobregat, naturaleza escondida, de Edgar Madrenys y Concurso de fotograf\u00eda de naturaleza de Sant Joan Desp\u00ed - Plataforma Centre Jujol - Can Negre","isPartOf":{"@id":"https:\/\/centrejujolcannegre.cat\/es\/#website"},"primaryImageOfPage":{"@id":"https:\/\/centrejujolcannegre.cat\/es\/llobregat-naturaleza-escondida-de-edgar-madrenys-y-concurso-de-fotografia-de-naturaleza-de-sant-joan-despi\/#primaryimage"},"image":{"@id":"https:\/\/centrejujolcannegre.cat\/es\/llobregat-naturaleza-escondida-de-edgar-madrenys-y-concurso-de-fotografia-de-naturaleza-de-sant-joan-despi\/#primaryimage"},"thumbnailUrl":"https:\/\/centrejujolcannegre.cat\/wp-content\/uploads\/2025\/11\/portada.png","datePublished":"2025-11-03T10:15:00+00:00","dateModified":"2025-11-03T11:26:07+00:00","breadcrumb":{"@id":"https:\/\/centrejujolcannegre.cat\/es\/llobregat-naturaleza-escondida-de-edgar-madrenys-y-concurso-de-fotografia-de-naturaleza-de-sant-joan-despi\/#breadcrumb"},"inLanguage":"es","potentialAction":[{"@type":"ReadAction","target":["https:\/\/centrejujolcannegre.cat\/es\/llobregat-naturaleza-escondida-de-edgar-madrenys-y-concurso-de-fotografia-de-naturaleza-de-sant-joan-despi\/"]}]},{"@type":"ImageObject","inLanguage":"es","@id":"https:\/\/centrejujolcannegre.cat\/es\/llobregat-naturaleza-escondida-de-edgar-madrenys-y-concurso-de-fotografia-de-naturaleza-de-sant-joan-despi\/#primaryimage","url":"https:\/\/centrejujolcannegre.cat\/wp-content\/uploads\/2025\/11\/portada.png","contentUrl":"https:\/\/centrejujolcannegre.cat\/wp-content\/uploads\/2025\/11\/portada.png","width":803,"height":588},{"@type":"BreadcrumbList","@id":"https:\/\/centrejujolcannegre.cat\/es\/llobregat-naturaleza-escondida-de-edgar-madrenys-y-concurso-de-fotografia-de-naturaleza-de-sant-joan-despi\/#breadcrumb","itemListElement":[{"@type":"ListItem","position":1,"name":"Portada","item":"https:\/\/centrejujolcannegre.cat\/es\/"},{"@type":"ListItem","position":2,"name":"Llobregat, naturaleza escondida, de Edgar Madrenys y Concurso de fotograf\u00eda de naturaleza de Sant Joan Desp\u00ed"}]},{"@type":"WebSite","@id":"https:\/\/centrejujolcannegre.cat\/es\/#website","url":"https:\/\/centrejujolcannegre.cat\/es\/","name":"Plataforma Centre Jujol - Can Negre","description":"Plataforma de venta d&#039;entradas d&#039;activitats, exposicions i circuits culturals a Museus i l&#039;Escola d&#039;Art de de Sant Joan Desp\u00ed","publisher":{"@id":"https:\/\/centrejujolcannegre.cat\/es\/#organization"},"potentialAction":[{"@type":"SearchAction","target":{"@type":"EntryPoint","urlTemplate":"https:\/\/centrejujolcannegre.cat\/es\/?s={search_term_string}"},"query-input":{"@type":"PropertyValueSpecification","valueRequired":true,"valueName":"search_term_string"}}],"inLanguage":"es"},{"@type":"Organization","@id":"https:\/\/centrejujolcannegre.cat\/es\/#organization","name":"Centre Jujol - Can Negre","url":"https:\/\/centrejujolcannegre.cat\/es\/","logo":{"@type":"ImageObject","inLanguage":"es","@id":"https:\/\/centrejujolcannegre.cat\/es\/#\/schema\/logo\/image\/","url":"https:\/\/centrejujolcannegre.cat\/wp-content\/uploads\/2024\/05\/logo-centre-jujol-can-negre.svg","contentUrl":"https:\/\/centrejujolcannegre.cat\/wp-content\/uploads\/2024\/05\/logo-centre-jujol-can-negre.svg","caption":"Centre Jujol - Can Negre"},"image":{"@id":"https:\/\/centrejujolcannegre.cat\/es\/#\/schema\/logo\/image\/"},"sameAs":["https:\/\/www.facebook.com\/cannegre","https:\/\/x.com\/cannegresjd"]},{"@type":"Person","@id":"https:\/\/centrejujolcannegre.cat\/es\/#\/schema\/person\/174733455c82bd88c7ba70710d7145f4","name":"M\u00f3nica Barahona Pascual","image":{"@type":"ImageObject","inLanguage":"es","@id":"https:\/\/secure.gravatar.com\/avatar\/b5e186611bc64474985d48d6199ef277edfdb2cf509ad7718183ee58633e0116?s=96&d=mm&r=g","url":"https:\/\/secure.gravatar.com\/avatar\/b5e186611bc64474985d48d6199ef277edfdb2cf509ad7718183ee58633e0116?s=96&d=mm&r=g","contentUrl":"https:\/\/secure.gravatar.com\/avatar\/b5e186611bc64474985d48d6199ef277edfdb2cf509ad7718183ee58633e0116?s=96&d=mm&r=g","caption":"M\u00f3nica Barahona Pascual"}}]}},"taxonomy_info":{"category":[{"value":356,"label":"Exposiciones"},{"value":351,"label":"Sin categorizar"}]},"featured_image_src_large":["https:\/\/centrejujolcannegre.cat\/wp-content\/uploads\/2025\/11\/portada.png",803,588,false],"author_info":{"display_name":"M\u00f3nica Barahona Pascual","author_link":"https:\/\/centrejujolcannegre.cat\/es\/author\/monicabp\/"},"comment_info":0,"category_info":[{"term_id":356,"name":"Exposiciones","slug":"exposiciones-es","term_group":0,"term_taxonomy_id":356,"taxonomy":"category","description":"","parent":0,"count":19,"filter":"raw","cat_ID":356,"category_count":19,"category_description":"","cat_name":"Exposiciones","category_nicename":"exposiciones-es","category_parent":0},{"term_id":351,"name":"Sin categorizar","slug":"sin-categorizar-es","term_group":0,"term_taxonomy_id":351,"taxonomy":"category","description":"","parent":0,"count":2,"filter":"raw","cat_ID":351,"category_count":2,"category_description":"","cat_name":"Sin categorizar","category_nicename":"sin-categorizar-es","category_parent":0}],"tag_info":false,"_links":{"self":[{"href":"https:\/\/centrejujolcannegre.cat\/es\/wp-json\/wp\/v2\/posts\/19770","targetHints":{"allow":["GET"]}}],"collection":[{"href":"https:\/\/centrejujolcannegre.cat\/es\/wp-json\/wp\/v2\/posts"}],"about":[{"href":"https:\/\/centrejujolcannegre.cat\/es\/wp-json\/wp\/v2\/types\/post"}],"author":[{"embeddable":true,"href":"https:\/\/centrejujolcannegre.cat\/es\/wp-json\/wp\/v2\/users\/1067"}],"replies":[{"embeddable":true,"href":"https:\/\/centrejujolcannegre.cat\/es\/wp-json\/wp\/v2\/comments?post=19770"}],"version-history":[{"count":1,"href":"https:\/\/centrejujolcannegre.cat\/es\/wp-json\/wp\/v2\/posts\/19770\/revisions"}],"predecessor-version":[{"id":19771,"href":"https:\/\/centrejujolcannegre.cat\/es\/wp-json\/wp\/v2\/posts\/19770\/revisions\/19771"}],"wp:featuredmedia":[{"embeddable":true,"href":"https:\/\/centrejujolcannegre.cat\/es\/wp-json\/wp\/v2\/media\/19763"}],"wp:attachment":[{"href":"https:\/\/centrejujolcannegre.cat\/es\/wp-json\/wp\/v2\/media?parent=19770"}],"wp:term":[{"taxonomy":"category","embeddable":true,"href":"https:\/\/centrejujolcannegre.cat\/es\/wp-json\/wp\/v2\/categories?post=19770"},{"taxonomy":"post_tag","embeddable":true,"href":"https:\/\/centrejujolcannegre.cat\/es\/wp-json\/wp\/v2\/tags?post=19770"}],"curies":[{"name":"wp","href":"https:\/\/api.w.org\/{rel}","templated":true}]}}