{"id":20855,"date":"2026-01-19T12:00:00","date_gmt":"2026-01-19T11:00:00","guid":{"rendered":"https:\/\/centrejujolcannegre.cat\/?p=20855"},"modified":"2026-02-03T10:40:49","modified_gmt":"2026-02-03T09:40:49","slug":"el-retrato-coleccion-noblom-de-bernat-puigdollers","status":"publish","type":"post","link":"https:\/\/centrejujolcannegre.cat\/es\/el-retrato-coleccion-noblom-de-bernat-puigdollers\/","title":{"rendered":"Identidades. Retratos de la Colecci\u00f3n Noblom"},"content":{"rendered":"\n<p>Del 23 de enero al 15 de marzo de 2026<\/p>\n\n<p>Inauguraci\u00f3n: 22 de enero a las 19:30 horas<\/p>\n\n<p>La Colecci\u00f3n Noblom re\u00fane un conjunto amplio y diverso de obras de artistas catalanes de los siglos XIX y XX. El corpus de la colecci\u00f3n permite realizar m\u00faltiples lecturas y aproximarnos a aspectos de la historia del arte catal\u00e1n de este per\u00edodo como es, en este caso, el g\u00e9nero del retrato. El retrato ha sido, siempre, una muestra de estatus, de poder, pero tambi\u00e9n de introspecci\u00f3n, un reflejo de la voluntad de comprender y profundizar en la identidad y la existencia humana. Ha sido tambi\u00e9n, una muestra de amistad y cari\u00f1o, una lucha contra el olvido y un reflejo de la necesidad inherente en el ser humano de perdurar.   <\/p>\n\n<p>A trav\u00e9s de esta exposici\u00f3n es posible ver una muestra de diversas maneras de concebir el retrato y al mismo tiempo un amplio abanico de artistas catalanes que han sobresalido en este g\u00e9nero y que no siempre han sido reconocidos como se merecen. Una oportunidad \u00fanica para contemplar obras de Antoni Vila Arrufat, Mart\u00ed Llaurad\u00f3, Garc\u00eda Llort, Galofre Oller, Picarol, Aurelio Tolosa, Borrell y Nicolau, Eusebi Arnau, Francisco Domingo, Camps Ribera, Pidelaserra, Grau Sala, R\u00e0fols Casamada\u2026 que normalmente no son accesibles. <\/p>\n\n<figure class=\"wp-block-gallery has-nested-images columns-default is-cropped wp-block-gallery-1 is-layout-flex wp-block-gallery-is-layout-flex\">\n<figure class=\"wp-block-image size-large\"><img loading=\"lazy\" decoding=\"async\" width=\"779\" height=\"1024\" data-id=\"20831\" src=\"https:\/\/centrejujolcannegre.cat\/wp-content\/uploads\/2026\/01\/IMG_0502-scaled.jpg\" alt=\"\" class=\"wp-image-20831\" srcset=\"https:\/\/centrejujolcannegre.cat\/wp-content\/uploads\/2026\/01\/IMG_0502-scaled.jpg 779w, https:\/\/centrejujolcannegre.cat\/wp-content\/uploads\/2026\/01\/IMG_0502-228x300.jpg 228w, https:\/\/centrejujolcannegre.cat\/wp-content\/uploads\/2026\/01\/IMG_0502-768x1010.jpg 768w, https:\/\/centrejujolcannegre.cat\/wp-content\/uploads\/2026\/01\/IMG_0502-1168x1536.jpg 1168w, https:\/\/centrejujolcannegre.cat\/wp-content\/uploads\/2026\/01\/IMG_0502-1557x2048.jpg 1557w, https:\/\/centrejujolcannegre.cat\/wp-content\/uploads\/2026\/01\/IMG_0502-600x789.jpg 600w\" sizes=\"auto, (max-width: 779px) 100vw, 779px\" \/><\/figure>\n\n\n\n<figure class=\"wp-block-image size-large\"><img loading=\"lazy\" decoding=\"async\" width=\"1024\" height=\"865\" data-id=\"20828\" src=\"https:\/\/centrejujolcannegre.cat\/wp-content\/uploads\/2026\/01\/IMG_0499-scaled.jpg\" alt=\"\" class=\"wp-image-20828\" srcset=\"https:\/\/centrejujolcannegre.cat\/wp-content\/uploads\/2026\/01\/IMG_0499-scaled.jpg 1024w, https:\/\/centrejujolcannegre.cat\/wp-content\/uploads\/2026\/01\/IMG_0499-300x253.jpg 300w, https:\/\/centrejujolcannegre.cat\/wp-content\/uploads\/2026\/01\/IMG_0499-768x649.jpg 768w, https:\/\/centrejujolcannegre.cat\/wp-content\/uploads\/2026\/01\/IMG_0499-1536x1297.jpg 1536w, https:\/\/centrejujolcannegre.cat\/wp-content\/uploads\/2026\/01\/IMG_0499-2048x1730.jpg 2048w, https:\/\/centrejujolcannegre.cat\/wp-content\/uploads\/2026\/01\/IMG_0499-600x507.jpg 600w\" sizes=\"auto, (max-width: 1024px) 100vw, 1024px\" \/><\/figure>\n\n\n\n<figure class=\"wp-block-image size-large\"><img loading=\"lazy\" decoding=\"async\" width=\"779\" height=\"869\" data-id=\"20840\" src=\"https:\/\/centrejujolcannegre.cat\/wp-content\/uploads\/2026\/01\/1.jpg\" alt=\"\" class=\"wp-image-20840\" srcset=\"https:\/\/centrejujolcannegre.cat\/wp-content\/uploads\/2026\/01\/1.jpg 779w, https:\/\/centrejujolcannegre.cat\/wp-content\/uploads\/2026\/01\/1-269x300.jpg 269w, https:\/\/centrejujolcannegre.cat\/wp-content\/uploads\/2026\/01\/1-768x857.jpg 768w, https:\/\/centrejujolcannegre.cat\/wp-content\/uploads\/2026\/01\/1-600x669.jpg 600w\" sizes=\"auto, (max-width: 779px) 100vw, 779px\" \/><\/figure>\n\n\n\n<figure class=\"wp-block-image size-large\"><img loading=\"lazy\" decoding=\"async\" width=\"818\" height=\"1024\" data-id=\"20846\" src=\"https:\/\/centrejujolcannegre.cat\/wp-content\/uploads\/2026\/01\/IMG_0488.jpg\" alt=\"\" class=\"wp-image-20846\" srcset=\"https:\/\/centrejujolcannegre.cat\/wp-content\/uploads\/2026\/01\/IMG_0488.jpg 818w, https:\/\/centrejujolcannegre.cat\/wp-content\/uploads\/2026\/01\/IMG_0488-240x300.jpg 240w, https:\/\/centrejujolcannegre.cat\/wp-content\/uploads\/2026\/01\/IMG_0488-768x962.jpg 768w, https:\/\/centrejujolcannegre.cat\/wp-content\/uploads\/2026\/01\/IMG_0488-1226x1536.jpg 1226w, https:\/\/centrejujolcannegre.cat\/wp-content\/uploads\/2026\/01\/IMG_0488-1635x2048.jpg 1635w, https:\/\/centrejujolcannegre.cat\/wp-content\/uploads\/2026\/01\/IMG_0488-600x751.jpg 600w\" sizes=\"auto, (max-width: 818px) 100vw, 818px\" \/><\/figure>\n<\/figure>\n","protected":false},"excerpt":{"rendered":"<p>Del 23 de enero al 15 de marzo de 2026 Inauguraci\u00f3n: 22 de enero a las 19:30 horas La Colecci\u00f3n Noblom re\u00fane un conjunto amplio y diverso de obras de artistas catalanes de los siglos XIX y XX. El corpus de la colecci\u00f3n permite realizar m\u00faltiples lecturas y aproximarnos a aspectos de la historia del&#8230;<\/p>\n","protected":false},"author":1067,"featured_media":20845,"comment_status":"closed","ping_status":"closed","sticky":false,"template":"","format":"standard","meta":{"inline_featured_image":false,"_kad_blocks_custom_css":"","_kad_blocks_head_custom_js":"","_kad_blocks_body_custom_js":"","_kad_blocks_footer_custom_js":"","_kad_post_transparent":"","_kad_post_title":"","_kad_post_layout":"","_kad_post_sidebar_id":"","_kad_post_content_style":"","_kad_post_vertical_padding":"","_kad_post_feature":"","_kad_post_feature_position":"","_kad_post_header":false,"_kad_post_footer":false,"_kad_post_classname":"","footnotes":""},"categories":[356],"tags":[],"class_list":["post-20855","post","type-post","status-publish","format-standard","has-post-thumbnail","hentry","category-exposiciones-es"],"yoast_head":"<!-- This site is optimized with the Yoast SEO plugin v27.5 - https:\/\/yoast.com\/product\/yoast-seo-wordpress\/ -->\n<title>Identidades. Retratos de la Colecci\u00f3n Noblom - Plataforma Centre Jujol - Can Negre<\/title>\n<meta name=\"robots\" content=\"index, follow, max-snippet:-1, max-image-preview:large, max-video-preview:-1\" \/>\n<link rel=\"canonical\" href=\"https:\/\/centrejujolcannegre.cat\/es\/el-retrato-coleccion-noblom-de-bernat-puigdollers\/\" \/>\n<meta property=\"og:locale\" content=\"es_ES\" \/>\n<meta property=\"og:type\" content=\"article\" \/>\n<meta property=\"og:title\" content=\"Identidades. Retratos de la Colecci\u00f3n Noblom - Plataforma Centre Jujol - Can Negre\" \/>\n<meta property=\"og:description\" content=\"Del 23 de enero al 15 de marzo de 2026 Inauguraci\u00f3n: 22 de enero a las 19:30 horas La Colecci\u00f3n Noblom re\u00fane un conjunto amplio y diverso de obras de artistas catalanes de los siglos XIX y XX. El corpus de la colecci\u00f3n permite realizar m\u00faltiples lecturas y aproximarnos a aspectos de la historia del...\" \/>\n<meta property=\"og:url\" content=\"https:\/\/centrejujolcannegre.cat\/es\/el-retrato-coleccion-noblom-de-bernat-puigdollers\/\" \/>\n<meta property=\"og:site_name\" content=\"Plataforma Centre Jujol - Can Negre\" \/>\n<meta property=\"article:publisher\" content=\"https:\/\/www.facebook.com\/cannegre\" \/>\n<meta property=\"article:published_time\" content=\"2026-01-19T11:00:00+00:00\" \/>\n<meta property=\"article:modified_time\" content=\"2026-02-03T09:40:49+00:00\" \/>\n<meta property=\"og:image\" content=\"https:\/\/centrejujolcannegre.cat\/wp-content\/uploads\/2026\/01\/240620-Domingo-ALTA-001-original-867x1024.jpg\" \/>\n\t<meta property=\"og:image:width\" content=\"867\" \/>\n\t<meta property=\"og:image:height\" content=\"1024\" \/>\n\t<meta property=\"og:image:type\" content=\"image\/jpeg\" \/>\n<meta name=\"author\" content=\"M\u00f3nica Barahona Pascual\" \/>\n<meta name=\"twitter:card\" content=\"summary_large_image\" \/>\n<meta name=\"twitter:creator\" content=\"@cannegresjd\" \/>\n<meta name=\"twitter:site\" content=\"@cannegresjd\" \/>\n<meta name=\"twitter:label1\" content=\"Escrito por\" \/>\n\t<meta name=\"twitter:data1\" content=\"M\u00f3nica Barahona Pascual\" \/>\n\t<meta name=\"twitter:label2\" content=\"Tiempo de lectura\" \/>\n\t<meta name=\"twitter:data2\" content=\"1 minuto\" \/>\n<script type=\"application\/ld+json\" class=\"yoast-schema-graph\">{\"@context\":\"https:\\\/\\\/schema.org\",\"@graph\":[{\"@type\":\"Article\",\"@id\":\"https:\\\/\\\/centrejujolcannegre.cat\\\/es\\\/el-retrato-coleccion-noblom-de-bernat-puigdollers\\\/#article\",\"isPartOf\":{\"@id\":\"https:\\\/\\\/centrejujolcannegre.cat\\\/es\\\/el-retrato-coleccion-noblom-de-bernat-puigdollers\\\/\"},\"author\":{\"name\":\"M\u00f3nica Barahona Pascual\",\"@id\":\"https:\\\/\\\/centrejujolcannegre.cat\\\/es\\\/#\\\/schema\\\/person\\\/174733455c82bd88c7ba70710d7145f4\"},\"headline\":\"Identidades. Retratos de la Colecci\u00f3n Noblom\",\"datePublished\":\"2026-01-19T11:00:00+00:00\",\"dateModified\":\"2026-02-03T09:40:49+00:00\",\"mainEntityOfPage\":{\"@id\":\"https:\\\/\\\/centrejujolcannegre.cat\\\/es\\\/el-retrato-coleccion-noblom-de-bernat-puigdollers\\\/\"},\"wordCount\":227,\"publisher\":{\"@id\":\"https:\\\/\\\/centrejujolcannegre.cat\\\/es\\\/#organization\"},\"image\":{\"@id\":\"https:\\\/\\\/centrejujolcannegre.cat\\\/es\\\/el-retrato-coleccion-noblom-de-bernat-puigdollers\\\/#primaryimage\"},\"thumbnailUrl\":\"https:\\\/\\\/centrejujolcannegre.cat\\\/wp-content\\\/uploads\\\/2026\\\/01\\\/240620-Domingo-ALTA-001-original.jpg\",\"articleSection\":[\"Exposiciones\"],\"inLanguage\":\"es\"},{\"@type\":\"WebPage\",\"@id\":\"https:\\\/\\\/centrejujolcannegre.cat\\\/es\\\/el-retrato-coleccion-noblom-de-bernat-puigdollers\\\/\",\"url\":\"https:\\\/\\\/centrejujolcannegre.cat\\\/es\\\/el-retrato-coleccion-noblom-de-bernat-puigdollers\\\/\",\"name\":\"Identidades. Retratos de la Colecci\u00f3n Noblom - Plataforma Centre Jujol - Can Negre\",\"isPartOf\":{\"@id\":\"https:\\\/\\\/centrejujolcannegre.cat\\\/es\\\/#website\"},\"primaryImageOfPage\":{\"@id\":\"https:\\\/\\\/centrejujolcannegre.cat\\\/es\\\/el-retrato-coleccion-noblom-de-bernat-puigdollers\\\/#primaryimage\"},\"image\":{\"@id\":\"https:\\\/\\\/centrejujolcannegre.cat\\\/es\\\/el-retrato-coleccion-noblom-de-bernat-puigdollers\\\/#primaryimage\"},\"thumbnailUrl\":\"https:\\\/\\\/centrejujolcannegre.cat\\\/wp-content\\\/uploads\\\/2026\\\/01\\\/240620-Domingo-ALTA-001-original.jpg\",\"datePublished\":\"2026-01-19T11:00:00+00:00\",\"dateModified\":\"2026-02-03T09:40:49+00:00\",\"breadcrumb\":{\"@id\":\"https:\\\/\\\/centrejujolcannegre.cat\\\/es\\\/el-retrato-coleccion-noblom-de-bernat-puigdollers\\\/#breadcrumb\"},\"inLanguage\":\"es\",\"potentialAction\":[{\"@type\":\"ReadAction\",\"target\":[\"https:\\\/\\\/centrejujolcannegre.cat\\\/es\\\/el-retrato-coleccion-noblom-de-bernat-puigdollers\\\/\"]}]},{\"@type\":\"ImageObject\",\"inLanguage\":\"es\",\"@id\":\"https:\\\/\\\/centrejujolcannegre.cat\\\/es\\\/el-retrato-coleccion-noblom-de-bernat-puigdollers\\\/#primaryimage\",\"url\":\"https:\\\/\\\/centrejujolcannegre.cat\\\/wp-content\\\/uploads\\\/2026\\\/01\\\/240620-Domingo-ALTA-001-original.jpg\",\"contentUrl\":\"https:\\\/\\\/centrejujolcannegre.cat\\\/wp-content\\\/uploads\\\/2026\\\/01\\\/240620-Domingo-ALTA-001-original.jpg\",\"width\":1300,\"height\":1536},{\"@type\":\"BreadcrumbList\",\"@id\":\"https:\\\/\\\/centrejujolcannegre.cat\\\/es\\\/el-retrato-coleccion-noblom-de-bernat-puigdollers\\\/#breadcrumb\",\"itemListElement\":[{\"@type\":\"ListItem\",\"position\":1,\"name\":\"Portada\",\"item\":\"https:\\\/\\\/centrejujolcannegre.cat\\\/es\\\/\"},{\"@type\":\"ListItem\",\"position\":2,\"name\":\"Identidades. Retratos de la Colecci\u00f3n Noblom\"}]},{\"@type\":\"WebSite\",\"@id\":\"https:\\\/\\\/centrejujolcannegre.cat\\\/es\\\/#website\",\"url\":\"https:\\\/\\\/centrejujolcannegre.cat\\\/es\\\/\",\"name\":\"Plataforma Centre Jujol - Can Negre\",\"description\":\"Plataforma de venta d&#039;entradas d&#039;activitats, exposicions i circuits culturals a Museus i l&#039;Escola d&#039;Art de de Sant Joan Desp\u00ed\",\"publisher\":{\"@id\":\"https:\\\/\\\/centrejujolcannegre.cat\\\/es\\\/#organization\"},\"potentialAction\":[{\"@type\":\"SearchAction\",\"target\":{\"@type\":\"EntryPoint\",\"urlTemplate\":\"https:\\\/\\\/centrejujolcannegre.cat\\\/es\\\/?s={search_term_string}\"},\"query-input\":{\"@type\":\"PropertyValueSpecification\",\"valueRequired\":true,\"valueName\":\"search_term_string\"}}],\"inLanguage\":\"es\"},{\"@type\":\"Organization\",\"@id\":\"https:\\\/\\\/centrejujolcannegre.cat\\\/es\\\/#organization\",\"name\":\"Centre Jujol - Can Negre\",\"url\":\"https:\\\/\\\/centrejujolcannegre.cat\\\/es\\\/\",\"logo\":{\"@type\":\"ImageObject\",\"inLanguage\":\"es\",\"@id\":\"https:\\\/\\\/centrejujolcannegre.cat\\\/es\\\/#\\\/schema\\\/logo\\\/image\\\/\",\"url\":\"https:\\\/\\\/centrejujolcannegre.cat\\\/wp-content\\\/uploads\\\/2024\\\/05\\\/logo-centre-jujol-can-negre.svg\",\"contentUrl\":\"https:\\\/\\\/centrejujolcannegre.cat\\\/wp-content\\\/uploads\\\/2024\\\/05\\\/logo-centre-jujol-can-negre.svg\",\"caption\":\"Centre Jujol - Can Negre\"},\"image\":{\"@id\":\"https:\\\/\\\/centrejujolcannegre.cat\\\/es\\\/#\\\/schema\\\/logo\\\/image\\\/\"},\"sameAs\":[\"https:\\\/\\\/www.facebook.com\\\/cannegre\",\"https:\\\/\\\/x.com\\\/cannegresjd\"]},{\"@type\":\"Person\",\"@id\":\"https:\\\/\\\/centrejujolcannegre.cat\\\/es\\\/#\\\/schema\\\/person\\\/174733455c82bd88c7ba70710d7145f4\",\"name\":\"M\u00f3nica Barahona Pascual\",\"image\":{\"@type\":\"ImageObject\",\"inLanguage\":\"es\",\"@id\":\"https:\\\/\\\/secure.gravatar.com\\\/avatar\\\/b5e186611bc64474985d48d6199ef277edfdb2cf509ad7718183ee58633e0116?s=96&d=mm&r=g\",\"url\":\"https:\\\/\\\/secure.gravatar.com\\\/avatar\\\/b5e186611bc64474985d48d6199ef277edfdb2cf509ad7718183ee58633e0116?s=96&d=mm&r=g\",\"contentUrl\":\"https:\\\/\\\/secure.gravatar.com\\\/avatar\\\/b5e186611bc64474985d48d6199ef277edfdb2cf509ad7718183ee58633e0116?s=96&d=mm&r=g\",\"caption\":\"M\u00f3nica Barahona Pascual\"}}]}<\/script>\n<!-- \/ Yoast SEO plugin. -->","yoast_head_json":{"title":"Identidades. Retratos de la Colecci\u00f3n Noblom - Plataforma Centre Jujol - Can Negre","robots":{"index":"index","follow":"follow","max-snippet":"max-snippet:-1","max-image-preview":"max-image-preview:large","max-video-preview":"max-video-preview:-1"},"canonical":"https:\/\/centrejujolcannegre.cat\/es\/el-retrato-coleccion-noblom-de-bernat-puigdollers\/","og_locale":"es_ES","og_type":"article","og_title":"Identidades. Retratos de la Colecci\u00f3n Noblom - Plataforma Centre Jujol - Can Negre","og_description":"Del 23 de enero al 15 de marzo de 2026 Inauguraci\u00f3n: 22 de enero a las 19:30 horas La Colecci\u00f3n Noblom re\u00fane un conjunto amplio y diverso de obras de artistas catalanes de los siglos XIX y XX. El corpus de la colecci\u00f3n permite realizar m\u00faltiples lecturas y aproximarnos a aspectos de la historia del...","og_url":"https:\/\/centrejujolcannegre.cat\/es\/el-retrato-coleccion-noblom-de-bernat-puigdollers\/","og_site_name":"Plataforma Centre Jujol - Can Negre","article_publisher":"https:\/\/www.facebook.com\/cannegre","article_published_time":"2026-01-19T11:00:00+00:00","article_modified_time":"2026-02-03T09:40:49+00:00","og_image":[{"width":867,"height":1024,"url":"https:\/\/centrejujolcannegre.cat\/wp-content\/uploads\/2026\/01\/240620-Domingo-ALTA-001-original-867x1024.jpg","type":"image\/jpeg"}],"author":"M\u00f3nica Barahona Pascual","twitter_card":"summary_large_image","twitter_creator":"@cannegresjd","twitter_site":"@cannegresjd","twitter_misc":{"Escrito por":"M\u00f3nica Barahona Pascual","Tiempo de lectura":"1 minuto"},"schema":{"@context":"https:\/\/schema.org","@graph":[{"@type":"Article","@id":"https:\/\/centrejujolcannegre.cat\/es\/el-retrato-coleccion-noblom-de-bernat-puigdollers\/#article","isPartOf":{"@id":"https:\/\/centrejujolcannegre.cat\/es\/el-retrato-coleccion-noblom-de-bernat-puigdollers\/"},"author":{"name":"M\u00f3nica Barahona Pascual","@id":"https:\/\/centrejujolcannegre.cat\/es\/#\/schema\/person\/174733455c82bd88c7ba70710d7145f4"},"headline":"Identidades. Retratos de la Colecci\u00f3n Noblom","datePublished":"2026-01-19T11:00:00+00:00","dateModified":"2026-02-03T09:40:49+00:00","mainEntityOfPage":{"@id":"https:\/\/centrejujolcannegre.cat\/es\/el-retrato-coleccion-noblom-de-bernat-puigdollers\/"},"wordCount":227,"publisher":{"@id":"https:\/\/centrejujolcannegre.cat\/es\/#organization"},"image":{"@id":"https:\/\/centrejujolcannegre.cat\/es\/el-retrato-coleccion-noblom-de-bernat-puigdollers\/#primaryimage"},"thumbnailUrl":"https:\/\/centrejujolcannegre.cat\/wp-content\/uploads\/2026\/01\/240620-Domingo-ALTA-001-original.jpg","articleSection":["Exposiciones"],"inLanguage":"es"},{"@type":"WebPage","@id":"https:\/\/centrejujolcannegre.cat\/es\/el-retrato-coleccion-noblom-de-bernat-puigdollers\/","url":"https:\/\/centrejujolcannegre.cat\/es\/el-retrato-coleccion-noblom-de-bernat-puigdollers\/","name":"Identidades. Retratos de la Colecci\u00f3n Noblom - Plataforma Centre Jujol - Can Negre","isPartOf":{"@id":"https:\/\/centrejujolcannegre.cat\/es\/#website"},"primaryImageOfPage":{"@id":"https:\/\/centrejujolcannegre.cat\/es\/el-retrato-coleccion-noblom-de-bernat-puigdollers\/#primaryimage"},"image":{"@id":"https:\/\/centrejujolcannegre.cat\/es\/el-retrato-coleccion-noblom-de-bernat-puigdollers\/#primaryimage"},"thumbnailUrl":"https:\/\/centrejujolcannegre.cat\/wp-content\/uploads\/2026\/01\/240620-Domingo-ALTA-001-original.jpg","datePublished":"2026-01-19T11:00:00+00:00","dateModified":"2026-02-03T09:40:49+00:00","breadcrumb":{"@id":"https:\/\/centrejujolcannegre.cat\/es\/el-retrato-coleccion-noblom-de-bernat-puigdollers\/#breadcrumb"},"inLanguage":"es","potentialAction":[{"@type":"ReadAction","target":["https:\/\/centrejujolcannegre.cat\/es\/el-retrato-coleccion-noblom-de-bernat-puigdollers\/"]}]},{"@type":"ImageObject","inLanguage":"es","@id":"https:\/\/centrejujolcannegre.cat\/es\/el-retrato-coleccion-noblom-de-bernat-puigdollers\/#primaryimage","url":"https:\/\/centrejujolcannegre.cat\/wp-content\/uploads\/2026\/01\/240620-Domingo-ALTA-001-original.jpg","contentUrl":"https:\/\/centrejujolcannegre.cat\/wp-content\/uploads\/2026\/01\/240620-Domingo-ALTA-001-original.jpg","width":1300,"height":1536},{"@type":"BreadcrumbList","@id":"https:\/\/centrejujolcannegre.cat\/es\/el-retrato-coleccion-noblom-de-bernat-puigdollers\/#breadcrumb","itemListElement":[{"@type":"ListItem","position":1,"name":"Portada","item":"https:\/\/centrejujolcannegre.cat\/es\/"},{"@type":"ListItem","position":2,"name":"Identidades. Retratos de la Colecci\u00f3n Noblom"}]},{"@type":"WebSite","@id":"https:\/\/centrejujolcannegre.cat\/es\/#website","url":"https:\/\/centrejujolcannegre.cat\/es\/","name":"Plataforma Centre Jujol - Can Negre","description":"Plataforma de venta d&#039;entradas d&#039;activitats, exposicions i circuits culturals a Museus i l&#039;Escola d&#039;Art de de Sant Joan Desp\u00ed","publisher":{"@id":"https:\/\/centrejujolcannegre.cat\/es\/#organization"},"potentialAction":[{"@type":"SearchAction","target":{"@type":"EntryPoint","urlTemplate":"https:\/\/centrejujolcannegre.cat\/es\/?s={search_term_string}"},"query-input":{"@type":"PropertyValueSpecification","valueRequired":true,"valueName":"search_term_string"}}],"inLanguage":"es"},{"@type":"Organization","@id":"https:\/\/centrejujolcannegre.cat\/es\/#organization","name":"Centre Jujol - Can Negre","url":"https:\/\/centrejujolcannegre.cat\/es\/","logo":{"@type":"ImageObject","inLanguage":"es","@id":"https:\/\/centrejujolcannegre.cat\/es\/#\/schema\/logo\/image\/","url":"https:\/\/centrejujolcannegre.cat\/wp-content\/uploads\/2024\/05\/logo-centre-jujol-can-negre.svg","contentUrl":"https:\/\/centrejujolcannegre.cat\/wp-content\/uploads\/2024\/05\/logo-centre-jujol-can-negre.svg","caption":"Centre Jujol - Can Negre"},"image":{"@id":"https:\/\/centrejujolcannegre.cat\/es\/#\/schema\/logo\/image\/"},"sameAs":["https:\/\/www.facebook.com\/cannegre","https:\/\/x.com\/cannegresjd"]},{"@type":"Person","@id":"https:\/\/centrejujolcannegre.cat\/es\/#\/schema\/person\/174733455c82bd88c7ba70710d7145f4","name":"M\u00f3nica Barahona Pascual","image":{"@type":"ImageObject","inLanguage":"es","@id":"https:\/\/secure.gravatar.com\/avatar\/b5e186611bc64474985d48d6199ef277edfdb2cf509ad7718183ee58633e0116?s=96&d=mm&r=g","url":"https:\/\/secure.gravatar.com\/avatar\/b5e186611bc64474985d48d6199ef277edfdb2cf509ad7718183ee58633e0116?s=96&d=mm&r=g","contentUrl":"https:\/\/secure.gravatar.com\/avatar\/b5e186611bc64474985d48d6199ef277edfdb2cf509ad7718183ee58633e0116?s=96&d=mm&r=g","caption":"M\u00f3nica Barahona Pascual"}}]}},"taxonomy_info":{"category":[{"value":356,"label":"Exposiciones"}]},"featured_image_src_large":["https:\/\/centrejujolcannegre.cat\/wp-content\/uploads\/2026\/01\/240620-Domingo-ALTA-001-original-867x1024.jpg",867,1024,true],"author_info":{"display_name":"M\u00f3nica Barahona Pascual","author_link":"https:\/\/centrejujolcannegre.cat\/es\/author\/monicabp\/"},"comment_info":0,"category_info":[{"term_id":356,"name":"Exposiciones","slug":"exposiciones-es","term_group":0,"term_taxonomy_id":356,"taxonomy":"category","description":"","parent":0,"count":19,"filter":"raw","cat_ID":356,"category_count":19,"category_description":"","cat_name":"Exposiciones","category_nicename":"exposiciones-es","category_parent":0}],"tag_info":false,"_links":{"self":[{"href":"https:\/\/centrejujolcannegre.cat\/es\/wp-json\/wp\/v2\/posts\/20855","targetHints":{"allow":["GET"]}}],"collection":[{"href":"https:\/\/centrejujolcannegre.cat\/es\/wp-json\/wp\/v2\/posts"}],"about":[{"href":"https:\/\/centrejujolcannegre.cat\/es\/wp-json\/wp\/v2\/types\/post"}],"author":[{"embeddable":true,"href":"https:\/\/centrejujolcannegre.cat\/es\/wp-json\/wp\/v2\/users\/1067"}],"replies":[{"embeddable":true,"href":"https:\/\/centrejujolcannegre.cat\/es\/wp-json\/wp\/v2\/comments?post=20855"}],"version-history":[{"count":3,"href":"https:\/\/centrejujolcannegre.cat\/es\/wp-json\/wp\/v2\/posts\/20855\/revisions"}],"predecessor-version":[{"id":21308,"href":"https:\/\/centrejujolcannegre.cat\/es\/wp-json\/wp\/v2\/posts\/20855\/revisions\/21308"}],"wp:featuredmedia":[{"embeddable":true,"href":"https:\/\/centrejujolcannegre.cat\/es\/wp-json\/wp\/v2\/media\/20845"}],"wp:attachment":[{"href":"https:\/\/centrejujolcannegre.cat\/es\/wp-json\/wp\/v2\/media?parent=20855"}],"wp:term":[{"taxonomy":"category","embeddable":true,"href":"https:\/\/centrejujolcannegre.cat\/es\/wp-json\/wp\/v2\/categories?post=20855"},{"taxonomy":"post_tag","embeddable":true,"href":"https:\/\/centrejujolcannegre.cat\/es\/wp-json\/wp\/v2\/tags?post=20855"}],"curies":[{"name":"wp","href":"https:\/\/api.w.org\/{rel}","templated":true}]}}