{"id":9279,"date":"2024-06-06T15:38:39","date_gmt":"2024-06-06T13:38:39","guid":{"rendered":"https:\/\/centrejujolcannegre.cat\/fotomemorias-el-legado-de-una-memoria-viva\/"},"modified":"2026-04-15T10:49:04","modified_gmt":"2026-04-15T08:49:04","slug":"fotomemorias-el-legado-de-una-memoria-viva","status":"publish","type":"post","link":"https:\/\/centrejujolcannegre.cat\/es\/fotomemorias-el-legado-de-una-memoria-viva\/","title":{"rendered":"Fotomemorias: el legado de una memoria viva"},"content":{"rendered":"\n<p><strong>Del 7 de abril al 10 de mayo de 2024<\/strong><\/p>\n\n<p>Fotomemorias: \u00abEl legado de una memoria viva\u00bb es un proyecto art\u00edstico que se inicia en 2022 para el Departamento de Cultura del Ayuntamiento de Sant Joan Desp\u00ed y de la mano del colectivo CIiCme, formado por las fotoperiodistas Montse Casas y Eugenia Ortiz. Esta exposici\u00f3n tiene el prop\u00f3sito de enlazar el pasado y el presente a trav\u00e9s del intercambio entre las personas participantes, para construir el legado de una memoria viva, con vivencias, recuerdos y an\u00e9cdotas compartidas y con reflexiones individuales y momentos de debate colectivos. <\/p>\n\n<p>El punto de partida ha sido la colaboraci\u00f3n voluntaria de la poblaci\u00f3n de m\u00e1s de sesenta y cinco a\u00f1os a trav\u00e9s de un llamamiento ciudadano. Los participantes han aportado sus fotograf\u00edas personales para crear un relato que conecta las im\u00e1genes con los recuerdos y las emociones compartidas a trav\u00e9s de sus testimonios orales. Esta exposici\u00f3n es un reconocimiento a su participaci\u00f3n, y por este motivo se les  <\/p>\n\n<p>hemos dado la palabra y las hemos hecho protagonistas.<\/p>\n\n<p>\u00c9ste es un proyecto vivo abierto a la ciudadan\u00eda. Las personas que quieran participar y aportar sus experiencias y memorias a Sant Joan Desp\u00ed, pueden dirigirse al Archivo Municipal, espacio del legado de nuestra ciudad. <\/p>\n\n<p>Inauguraci\u00f3n 7 de abril a las 12:00 horas<\/p>\n","protected":false},"excerpt":{"rendered":"<p>Del 7 de abril al 10 de mayo de 2024 Fotomemorias: \u00abEl legado de una memoria viva\u00bb es un proyecto art\u00edstico que se inicia en 2022 para el Departamento de Cultura del Ayuntamiento de Sant Joan Desp\u00ed y de la mano del colectivo CIiCme, formado por las fotoperiodistas Montse Casas y Eugenia Ortiz. Esta exposici\u00f3n&#8230;<\/p>\n","protected":false},"author":1,"featured_media":3496,"comment_status":"closed","ping_status":"closed","sticky":false,"template":"","format":"standard","meta":{"inline_featured_image":false,"_kad_blocks_custom_css":"","_kad_blocks_head_custom_js":"","_kad_blocks_body_custom_js":"","_kad_blocks_footer_custom_js":"","_kad_post_transparent":"","_kad_post_title":"","_kad_post_layout":"","_kad_post_sidebar_id":"","_kad_post_content_style":"","_kad_post_vertical_padding":"","_kad_post_feature":"","_kad_post_feature_position":"","_kad_post_header":false,"_kad_post_footer":false,"_kad_post_classname":"","footnotes":""},"categories":[356],"tags":[],"class_list":["post-9279","post","type-post","status-publish","format-standard","has-post-thumbnail","hentry","category-exposiciones-es"],"yoast_head":"<!-- This site is optimized with the Yoast SEO plugin v27.5 - https:\/\/yoast.com\/product\/yoast-seo-wordpress\/ -->\n<title>Fotomemorias: el legado de una memoria viva - Plataforma Centre Jujol - Can Negre<\/title>\n<meta name=\"robots\" content=\"index, follow, max-snippet:-1, max-image-preview:large, max-video-preview:-1\" \/>\n<link rel=\"canonical\" href=\"https:\/\/centrejujolcannegre.cat\/es\/fotomemorias-el-legado-de-una-memoria-viva\/\" \/>\n<meta property=\"og:locale\" content=\"es_ES\" \/>\n<meta property=\"og:type\" content=\"article\" \/>\n<meta property=\"og:title\" content=\"Fotomemorias: el legado de una memoria viva - Plataforma Centre Jujol - Can Negre\" \/>\n<meta property=\"og:description\" content=\"Del 7 de abril al 10 de mayo de 2024 Fotomemorias: \u00abEl legado de una memoria viva\u00bb es un proyecto art\u00edstico que se inicia en 2022 para el Departamento de Cultura del Ayuntamiento de Sant Joan Desp\u00ed y de la mano del colectivo CIiCme, formado por las fotoperiodistas Montse Casas y Eugenia Ortiz. Esta exposici\u00f3n...\" \/>\n<meta property=\"og:url\" content=\"https:\/\/centrejujolcannegre.cat\/es\/fotomemorias-el-legado-de-una-memoria-viva\/\" \/>\n<meta property=\"og:site_name\" content=\"Plataforma Centre Jujol - Can Negre\" \/>\n<meta property=\"article:publisher\" content=\"https:\/\/www.facebook.com\/cannegre\" \/>\n<meta property=\"article:published_time\" content=\"2024-06-06T13:38:39+00:00\" \/>\n<meta property=\"article:modified_time\" content=\"2026-04-15T08:49:04+00:00\" \/>\n<meta property=\"og:image\" content=\"https:\/\/centrejujolcannegre.cat\/wp-content\/uploads\/2024\/06\/expo-fotomemories_.jpg\" \/>\n\t<meta property=\"og:image:width\" content=\"1181\" \/>\n\t<meta property=\"og:image:height\" content=\"825\" \/>\n\t<meta property=\"og:image:type\" content=\"image\/jpeg\" \/>\n<meta name=\"author\" content=\"empiezapori\" \/>\n<meta name=\"twitter:card\" content=\"summary_large_image\" \/>\n<meta name=\"twitter:creator\" content=\"@cannegresjd\" \/>\n<meta name=\"twitter:site\" content=\"@cannegresjd\" \/>\n<meta name=\"twitter:label1\" content=\"Escrito por\" \/>\n\t<meta name=\"twitter:data1\" content=\"empiezapori\" \/>\n\t<meta name=\"twitter:label2\" content=\"Tiempo de lectura\" \/>\n\t<meta name=\"twitter:data2\" content=\"1 minuto\" \/>\n<script type=\"application\/ld+json\" class=\"yoast-schema-graph\">{\"@context\":\"https:\\\/\\\/schema.org\",\"@graph\":[{\"@type\":\"Article\",\"@id\":\"https:\\\/\\\/centrejujolcannegre.cat\\\/es\\\/fotomemorias-el-legado-de-una-memoria-viva\\\/#article\",\"isPartOf\":{\"@id\":\"https:\\\/\\\/centrejujolcannegre.cat\\\/es\\\/fotomemorias-el-legado-de-una-memoria-viva\\\/\"},\"author\":{\"name\":\"empiezapori\",\"@id\":\"https:\\\/\\\/centrejujolcannegre.cat\\\/es\\\/#\\\/schema\\\/person\\\/c8ec359b2bad91e756a3e2d924cd77c7\"},\"headline\":\"Fotomemorias: el legado de una memoria viva\",\"datePublished\":\"2024-06-06T13:38:39+00:00\",\"dateModified\":\"2026-04-15T08:49:04+00:00\",\"mainEntityOfPage\":{\"@id\":\"https:\\\/\\\/centrejujolcannegre.cat\\\/es\\\/fotomemorias-el-legado-de-una-memoria-viva\\\/\"},\"wordCount\":233,\"publisher\":{\"@id\":\"https:\\\/\\\/centrejujolcannegre.cat\\\/es\\\/#organization\"},\"image\":{\"@id\":\"https:\\\/\\\/centrejujolcannegre.cat\\\/es\\\/fotomemorias-el-legado-de-una-memoria-viva\\\/#primaryimage\"},\"thumbnailUrl\":\"https:\\\/\\\/centrejujolcannegre.cat\\\/wp-content\\\/uploads\\\/2024\\\/06\\\/expo-fotomemories_.jpg\",\"articleSection\":[\"Exposiciones\"],\"inLanguage\":\"es\"},{\"@type\":\"WebPage\",\"@id\":\"https:\\\/\\\/centrejujolcannegre.cat\\\/es\\\/fotomemorias-el-legado-de-una-memoria-viva\\\/\",\"url\":\"https:\\\/\\\/centrejujolcannegre.cat\\\/es\\\/fotomemorias-el-legado-de-una-memoria-viva\\\/\",\"name\":\"Fotomemorias: el legado de una memoria viva - Plataforma Centre Jujol - Can Negre\",\"isPartOf\":{\"@id\":\"https:\\\/\\\/centrejujolcannegre.cat\\\/es\\\/#website\"},\"primaryImageOfPage\":{\"@id\":\"https:\\\/\\\/centrejujolcannegre.cat\\\/es\\\/fotomemorias-el-legado-de-una-memoria-viva\\\/#primaryimage\"},\"image\":{\"@id\":\"https:\\\/\\\/centrejujolcannegre.cat\\\/es\\\/fotomemorias-el-legado-de-una-memoria-viva\\\/#primaryimage\"},\"thumbnailUrl\":\"https:\\\/\\\/centrejujolcannegre.cat\\\/wp-content\\\/uploads\\\/2024\\\/06\\\/expo-fotomemories_.jpg\",\"datePublished\":\"2024-06-06T13:38:39+00:00\",\"dateModified\":\"2026-04-15T08:49:04+00:00\",\"breadcrumb\":{\"@id\":\"https:\\\/\\\/centrejujolcannegre.cat\\\/es\\\/fotomemorias-el-legado-de-una-memoria-viva\\\/#breadcrumb\"},\"inLanguage\":\"es\",\"potentialAction\":[{\"@type\":\"ReadAction\",\"target\":[\"https:\\\/\\\/centrejujolcannegre.cat\\\/es\\\/fotomemorias-el-legado-de-una-memoria-viva\\\/\"]}]},{\"@type\":\"ImageObject\",\"inLanguage\":\"es\",\"@id\":\"https:\\\/\\\/centrejujolcannegre.cat\\\/es\\\/fotomemorias-el-legado-de-una-memoria-viva\\\/#primaryimage\",\"url\":\"https:\\\/\\\/centrejujolcannegre.cat\\\/wp-content\\\/uploads\\\/2024\\\/06\\\/expo-fotomemories_.jpg\",\"contentUrl\":\"https:\\\/\\\/centrejujolcannegre.cat\\\/wp-content\\\/uploads\\\/2024\\\/06\\\/expo-fotomemories_.jpg\",\"width\":1181,\"height\":825},{\"@type\":\"BreadcrumbList\",\"@id\":\"https:\\\/\\\/centrejujolcannegre.cat\\\/es\\\/fotomemorias-el-legado-de-una-memoria-viva\\\/#breadcrumb\",\"itemListElement\":[{\"@type\":\"ListItem\",\"position\":1,\"name\":\"Portada\",\"item\":\"https:\\\/\\\/centrejujolcannegre.cat\\\/es\\\/\"},{\"@type\":\"ListItem\",\"position\":2,\"name\":\"Fotomemorias: el legado de una memoria viva\"}]},{\"@type\":\"WebSite\",\"@id\":\"https:\\\/\\\/centrejujolcannegre.cat\\\/es\\\/#website\",\"url\":\"https:\\\/\\\/centrejujolcannegre.cat\\\/es\\\/\",\"name\":\"Plataforma Centre Jujol - Can Negre\",\"description\":\"Plataforma de venta d&#039;entradas d&#039;activitats, exposicions i circuits culturals a Museus i l&#039;Escola d&#039;Art de de Sant Joan Desp\u00ed\",\"publisher\":{\"@id\":\"https:\\\/\\\/centrejujolcannegre.cat\\\/es\\\/#organization\"},\"potentialAction\":[{\"@type\":\"SearchAction\",\"target\":{\"@type\":\"EntryPoint\",\"urlTemplate\":\"https:\\\/\\\/centrejujolcannegre.cat\\\/es\\\/?s={search_term_string}\"},\"query-input\":{\"@type\":\"PropertyValueSpecification\",\"valueRequired\":true,\"valueName\":\"search_term_string\"}}],\"inLanguage\":\"es\"},{\"@type\":\"Organization\",\"@id\":\"https:\\\/\\\/centrejujolcannegre.cat\\\/es\\\/#organization\",\"name\":\"Centre Jujol - Can Negre\",\"url\":\"https:\\\/\\\/centrejujolcannegre.cat\\\/es\\\/\",\"logo\":{\"@type\":\"ImageObject\",\"inLanguage\":\"es\",\"@id\":\"https:\\\/\\\/centrejujolcannegre.cat\\\/es\\\/#\\\/schema\\\/logo\\\/image\\\/\",\"url\":\"https:\\\/\\\/centrejujolcannegre.cat\\\/wp-content\\\/uploads\\\/2024\\\/05\\\/logo-centre-jujol-can-negre.svg\",\"contentUrl\":\"https:\\\/\\\/centrejujolcannegre.cat\\\/wp-content\\\/uploads\\\/2024\\\/05\\\/logo-centre-jujol-can-negre.svg\",\"caption\":\"Centre Jujol - Can Negre\"},\"image\":{\"@id\":\"https:\\\/\\\/centrejujolcannegre.cat\\\/es\\\/#\\\/schema\\\/logo\\\/image\\\/\"},\"sameAs\":[\"https:\\\/\\\/www.facebook.com\\\/cannegre\",\"https:\\\/\\\/x.com\\\/cannegresjd\"]},{\"@type\":\"Person\",\"@id\":\"https:\\\/\\\/centrejujolcannegre.cat\\\/es\\\/#\\\/schema\\\/person\\\/c8ec359b2bad91e756a3e2d924cd77c7\",\"name\":\"empiezapori\",\"image\":{\"@type\":\"ImageObject\",\"inLanguage\":\"es\",\"@id\":\"https:\\\/\\\/secure.gravatar.com\\\/avatar\\\/0ddf5f98884a4f76d843f5241239cb0845ded8d0c675d6a55138b7ad1de5011b?s=96&d=mm&r=g\",\"url\":\"https:\\\/\\\/secure.gravatar.com\\\/avatar\\\/0ddf5f98884a4f76d843f5241239cb0845ded8d0c675d6a55138b7ad1de5011b?s=96&d=mm&r=g\",\"contentUrl\":\"https:\\\/\\\/secure.gravatar.com\\\/avatar\\\/0ddf5f98884a4f76d843f5241239cb0845ded8d0c675d6a55138b7ad1de5011b?s=96&d=mm&r=g\",\"caption\":\"empiezapori\"}}]}<\/script>\n<!-- \/ Yoast SEO plugin. -->","yoast_head_json":{"title":"Fotomemorias: el legado de una memoria viva - Plataforma Centre Jujol - Can Negre","robots":{"index":"index","follow":"follow","max-snippet":"max-snippet:-1","max-image-preview":"max-image-preview:large","max-video-preview":"max-video-preview:-1"},"canonical":"https:\/\/centrejujolcannegre.cat\/es\/fotomemorias-el-legado-de-una-memoria-viva\/","og_locale":"es_ES","og_type":"article","og_title":"Fotomemorias: el legado de una memoria viva - Plataforma Centre Jujol - Can Negre","og_description":"Del 7 de abril al 10 de mayo de 2024 Fotomemorias: \u00abEl legado de una memoria viva\u00bb es un proyecto art\u00edstico que se inicia en 2022 para el Departamento de Cultura del Ayuntamiento de Sant Joan Desp\u00ed y de la mano del colectivo CIiCme, formado por las fotoperiodistas Montse Casas y Eugenia Ortiz. Esta exposici\u00f3n...","og_url":"https:\/\/centrejujolcannegre.cat\/es\/fotomemorias-el-legado-de-una-memoria-viva\/","og_site_name":"Plataforma Centre Jujol - Can Negre","article_publisher":"https:\/\/www.facebook.com\/cannegre","article_published_time":"2024-06-06T13:38:39+00:00","article_modified_time":"2026-04-15T08:49:04+00:00","og_image":[{"width":1181,"height":825,"url":"https:\/\/centrejujolcannegre.cat\/wp-content\/uploads\/2024\/06\/expo-fotomemories_.jpg","type":"image\/jpeg"}],"author":"empiezapori","twitter_card":"summary_large_image","twitter_creator":"@cannegresjd","twitter_site":"@cannegresjd","twitter_misc":{"Escrito por":"empiezapori","Tiempo de lectura":"1 minuto"},"schema":{"@context":"https:\/\/schema.org","@graph":[{"@type":"Article","@id":"https:\/\/centrejujolcannegre.cat\/es\/fotomemorias-el-legado-de-una-memoria-viva\/#article","isPartOf":{"@id":"https:\/\/centrejujolcannegre.cat\/es\/fotomemorias-el-legado-de-una-memoria-viva\/"},"author":{"name":"empiezapori","@id":"https:\/\/centrejujolcannegre.cat\/es\/#\/schema\/person\/c8ec359b2bad91e756a3e2d924cd77c7"},"headline":"Fotomemorias: el legado de una memoria viva","datePublished":"2024-06-06T13:38:39+00:00","dateModified":"2026-04-15T08:49:04+00:00","mainEntityOfPage":{"@id":"https:\/\/centrejujolcannegre.cat\/es\/fotomemorias-el-legado-de-una-memoria-viva\/"},"wordCount":233,"publisher":{"@id":"https:\/\/centrejujolcannegre.cat\/es\/#organization"},"image":{"@id":"https:\/\/centrejujolcannegre.cat\/es\/fotomemorias-el-legado-de-una-memoria-viva\/#primaryimage"},"thumbnailUrl":"https:\/\/centrejujolcannegre.cat\/wp-content\/uploads\/2024\/06\/expo-fotomemories_.jpg","articleSection":["Exposiciones"],"inLanguage":"es"},{"@type":"WebPage","@id":"https:\/\/centrejujolcannegre.cat\/es\/fotomemorias-el-legado-de-una-memoria-viva\/","url":"https:\/\/centrejujolcannegre.cat\/es\/fotomemorias-el-legado-de-una-memoria-viva\/","name":"Fotomemorias: el legado de una memoria viva - Plataforma Centre Jujol - Can Negre","isPartOf":{"@id":"https:\/\/centrejujolcannegre.cat\/es\/#website"},"primaryImageOfPage":{"@id":"https:\/\/centrejujolcannegre.cat\/es\/fotomemorias-el-legado-de-una-memoria-viva\/#primaryimage"},"image":{"@id":"https:\/\/centrejujolcannegre.cat\/es\/fotomemorias-el-legado-de-una-memoria-viva\/#primaryimage"},"thumbnailUrl":"https:\/\/centrejujolcannegre.cat\/wp-content\/uploads\/2024\/06\/expo-fotomemories_.jpg","datePublished":"2024-06-06T13:38:39+00:00","dateModified":"2026-04-15T08:49:04+00:00","breadcrumb":{"@id":"https:\/\/centrejujolcannegre.cat\/es\/fotomemorias-el-legado-de-una-memoria-viva\/#breadcrumb"},"inLanguage":"es","potentialAction":[{"@type":"ReadAction","target":["https:\/\/centrejujolcannegre.cat\/es\/fotomemorias-el-legado-de-una-memoria-viva\/"]}]},{"@type":"ImageObject","inLanguage":"es","@id":"https:\/\/centrejujolcannegre.cat\/es\/fotomemorias-el-legado-de-una-memoria-viva\/#primaryimage","url":"https:\/\/centrejujolcannegre.cat\/wp-content\/uploads\/2024\/06\/expo-fotomemories_.jpg","contentUrl":"https:\/\/centrejujolcannegre.cat\/wp-content\/uploads\/2024\/06\/expo-fotomemories_.jpg","width":1181,"height":825},{"@type":"BreadcrumbList","@id":"https:\/\/centrejujolcannegre.cat\/es\/fotomemorias-el-legado-de-una-memoria-viva\/#breadcrumb","itemListElement":[{"@type":"ListItem","position":1,"name":"Portada","item":"https:\/\/centrejujolcannegre.cat\/es\/"},{"@type":"ListItem","position":2,"name":"Fotomemorias: el legado de una memoria viva"}]},{"@type":"WebSite","@id":"https:\/\/centrejujolcannegre.cat\/es\/#website","url":"https:\/\/centrejujolcannegre.cat\/es\/","name":"Plataforma Centre Jujol - Can Negre","description":"Plataforma de venta d&#039;entradas d&#039;activitats, exposicions i circuits culturals a Museus i l&#039;Escola d&#039;Art de de Sant Joan Desp\u00ed","publisher":{"@id":"https:\/\/centrejujolcannegre.cat\/es\/#organization"},"potentialAction":[{"@type":"SearchAction","target":{"@type":"EntryPoint","urlTemplate":"https:\/\/centrejujolcannegre.cat\/es\/?s={search_term_string}"},"query-input":{"@type":"PropertyValueSpecification","valueRequired":true,"valueName":"search_term_string"}}],"inLanguage":"es"},{"@type":"Organization","@id":"https:\/\/centrejujolcannegre.cat\/es\/#organization","name":"Centre Jujol - Can Negre","url":"https:\/\/centrejujolcannegre.cat\/es\/","logo":{"@type":"ImageObject","inLanguage":"es","@id":"https:\/\/centrejujolcannegre.cat\/es\/#\/schema\/logo\/image\/","url":"https:\/\/centrejujolcannegre.cat\/wp-content\/uploads\/2024\/05\/logo-centre-jujol-can-negre.svg","contentUrl":"https:\/\/centrejujolcannegre.cat\/wp-content\/uploads\/2024\/05\/logo-centre-jujol-can-negre.svg","caption":"Centre Jujol - Can Negre"},"image":{"@id":"https:\/\/centrejujolcannegre.cat\/es\/#\/schema\/logo\/image\/"},"sameAs":["https:\/\/www.facebook.com\/cannegre","https:\/\/x.com\/cannegresjd"]},{"@type":"Person","@id":"https:\/\/centrejujolcannegre.cat\/es\/#\/schema\/person\/c8ec359b2bad91e756a3e2d924cd77c7","name":"empiezapori","image":{"@type":"ImageObject","inLanguage":"es","@id":"https:\/\/secure.gravatar.com\/avatar\/0ddf5f98884a4f76d843f5241239cb0845ded8d0c675d6a55138b7ad1de5011b?s=96&d=mm&r=g","url":"https:\/\/secure.gravatar.com\/avatar\/0ddf5f98884a4f76d843f5241239cb0845ded8d0c675d6a55138b7ad1de5011b?s=96&d=mm&r=g","contentUrl":"https:\/\/secure.gravatar.com\/avatar\/0ddf5f98884a4f76d843f5241239cb0845ded8d0c675d6a55138b7ad1de5011b?s=96&d=mm&r=g","caption":"empiezapori"}}]}},"taxonomy_info":{"category":[{"value":356,"label":"Exposiciones"}]},"featured_image_src_large":["https:\/\/centrejujolcannegre.cat\/wp-content\/uploads\/2024\/06\/expo-fotomemories_-1024x715.jpg",1024,715,true],"author_info":{"display_name":"empiezapori","author_link":"https:\/\/centrejujolcannegre.cat\/es\/author\/empiezapori\/"},"comment_info":0,"category_info":[{"term_id":356,"name":"Exposiciones","slug":"exposiciones-es","term_group":0,"term_taxonomy_id":356,"taxonomy":"category","description":"","parent":0,"count":19,"filter":"raw","cat_ID":356,"category_count":19,"category_description":"","cat_name":"Exposiciones","category_nicename":"exposiciones-es","category_parent":0}],"tag_info":false,"_links":{"self":[{"href":"https:\/\/centrejujolcannegre.cat\/es\/wp-json\/wp\/v2\/posts\/9279","targetHints":{"allow":["GET"]}}],"collection":[{"href":"https:\/\/centrejujolcannegre.cat\/es\/wp-json\/wp\/v2\/posts"}],"about":[{"href":"https:\/\/centrejujolcannegre.cat\/es\/wp-json\/wp\/v2\/types\/post"}],"author":[{"embeddable":true,"href":"https:\/\/centrejujolcannegre.cat\/es\/wp-json\/wp\/v2\/users\/1"}],"replies":[{"embeddable":true,"href":"https:\/\/centrejujolcannegre.cat\/es\/wp-json\/wp\/v2\/comments?post=9279"}],"version-history":[{"count":5,"href":"https:\/\/centrejujolcannegre.cat\/es\/wp-json\/wp\/v2\/posts\/9279\/revisions"}],"predecessor-version":[{"id":23790,"href":"https:\/\/centrejujolcannegre.cat\/es\/wp-json\/wp\/v2\/posts\/9279\/revisions\/23790"}],"wp:featuredmedia":[{"embeddable":true,"href":"https:\/\/centrejujolcannegre.cat\/es\/wp-json\/wp\/v2\/media\/3496"}],"wp:attachment":[{"href":"https:\/\/centrejujolcannegre.cat\/es\/wp-json\/wp\/v2\/media?parent=9279"}],"wp:term":[{"taxonomy":"category","embeddable":true,"href":"https:\/\/centrejujolcannegre.cat\/es\/wp-json\/wp\/v2\/categories?post=9279"},{"taxonomy":"post_tag","embeddable":true,"href":"https:\/\/centrejujolcannegre.cat\/es\/wp-json\/wp\/v2\/tags?post=9279"}],"curies":[{"name":"wp","href":"https:\/\/api.w.org\/{rel}","templated":true}]}}