{"id":9286,"date":"2024-06-06T15:40:58","date_gmt":"2024-06-06T13:40:58","guid":{"rendered":"https:\/\/centrejujolcannegre.cat\/el-japonismo-obras-realizadas-por-el-alumnado-de-la-escuela-municipal-de-arte\/"},"modified":"2025-01-24T10:54:37","modified_gmt":"2025-01-24T09:54:37","slug":"el-japonismo-obras-realizadas-por-el-alumnado-de-la-escuela-municipal-de-arte","status":"publish","type":"post","link":"https:\/\/centrejujolcannegre.cat\/es\/el-japonismo-obras-realizadas-por-el-alumnado-de-la-escuela-municipal-de-arte\/","title":{"rendered":"El Japonismo. Obras realizadas por el alumnado de la Escuela Municipal de Arte"},"content":{"rendered":"\n<p><strong>Del 23 de mayo al 16 de junio<\/strong><\/p>\n\n<p>Este a\u00f1o la Escuela Municipal de Arte presenta su colecci\u00f3n de trabajos realizados durante el curso<\/p>\n\n<p>2024. Hem de destacar que les obres creades han estat inspirades en la tem\u00e0tica del japonisme, terme que es refereix a la influ\u00e8ncia de l&#8217;art japon\u00e8s en l&#8217;art occidental. La paraula la va usar per primera vegada Jules Claretie en el seu llibre <em>L&#8217;Art Francais el 1872<\/em>.  <\/p>\n\n<p>Este estilo te\u00f1i\u00f3 todas las expresiones art\u00edsticas de la \u00e9poca, desde la decoraci\u00f3n interior hasta el teatro y el cine, las revistas femeninas, los carteles\u2026 entr\u00f3 en el imaginario colectivo europeo.<\/p>\n\n<p>La exposici\u00f3n ha supuesto una pr\u00e1ctica de observaci\u00f3n de obras de arte que hacen referencia a este estilo como la observaci\u00f3n de la naturaleza, el estudio del monocromo, el trazo sencillo, la caligraf\u00eda y el dibujo que no cierra espacios a la interpretaci\u00f3n, no cierra la pintura.<\/p>\n\n<p>Inauguraci\u00f3n 23 de mayo a las 20 horas<\/p>\n","protected":false},"excerpt":{"rendered":"<p>Del 23 de mayo al 16 de junio Este a\u00f1o la Escuela Municipal de Arte presenta su colecci\u00f3n de trabajos realizados durante el curso 2024. Hem de destacar que les obres creades han estat inspirades en la tem\u00e0tica del japonisme, terme que es refereix a la influ\u00e8ncia de l&#8217;art japon\u00e8s en l&#8217;art occidental. La paraula&#8230;<\/p>\n","protected":false},"author":1,"featured_media":3499,"comment_status":"closed","ping_status":"closed","sticky":false,"template":"","format":"standard","meta":{"inline_featured_image":false,"_kad_blocks_custom_css":"","_kad_blocks_head_custom_js":"","_kad_blocks_body_custom_js":"","_kad_blocks_footer_custom_js":"","_kad_post_transparent":"","_kad_post_title":"","_kad_post_layout":"","_kad_post_sidebar_id":"","_kad_post_content_style":"","_kad_post_vertical_padding":"","_kad_post_feature":"","_kad_post_feature_position":"","_kad_post_header":false,"_kad_post_footer":false,"_kad_post_classname":"","footnotes":""},"categories":[356],"tags":[],"class_list":["post-9286","post","type-post","status-publish","format-standard","has-post-thumbnail","hentry","category-exposiciones-es"],"yoast_head":"<!-- This site is optimized with the Yoast SEO plugin v27.5 - https:\/\/yoast.com\/product\/yoast-seo-wordpress\/ -->\n<title>El Japonismo. Obras realizadas por el alumnado de la Escuela Municipal de Arte - Plataforma Centre Jujol - Can Negre<\/title>\n<meta name=\"robots\" content=\"index, follow, max-snippet:-1, max-image-preview:large, max-video-preview:-1\" \/>\n<link rel=\"canonical\" href=\"https:\/\/centrejujolcannegre.cat\/es\/el-japonismo-obras-realizadas-por-el-alumnado-de-la-escuela-municipal-de-arte\/\" \/>\n<meta property=\"og:locale\" content=\"es_ES\" \/>\n<meta property=\"og:type\" content=\"article\" \/>\n<meta property=\"og:title\" content=\"El Japonismo. Obras realizadas por el alumnado de la Escuela Municipal de Arte - Plataforma Centre Jujol - Can Negre\" \/>\n<meta property=\"og:description\" content=\"Del 23 de mayo al 16 de junio Este a\u00f1o la Escuela Municipal de Arte presenta su colecci\u00f3n de trabajos realizados durante el curso 2024. Hem de destacar que les obres creades han estat inspirades en la tem\u00e0tica del japonisme, terme que es refereix a la influ\u00e8ncia de l&#8217;art japon\u00e8s en l&#8217;art occidental. La paraula...\" \/>\n<meta property=\"og:url\" content=\"https:\/\/centrejujolcannegre.cat\/es\/el-japonismo-obras-realizadas-por-el-alumnado-de-la-escuela-municipal-de-arte\/\" \/>\n<meta property=\"og:site_name\" content=\"Plataforma Centre Jujol - Can Negre\" \/>\n<meta property=\"article:publisher\" content=\"https:\/\/www.facebook.com\/cannegre\" \/>\n<meta property=\"article:published_time\" content=\"2024-06-06T13:40:58+00:00\" \/>\n<meta property=\"article:modified_time\" content=\"2025-01-24T09:54:37+00:00\" \/>\n<meta property=\"og:image\" content=\"https:\/\/centrejujolcannegre.cat\/wp-content\/uploads\/2024\/06\/expo-gemma-origami_0230-scaled.jpg\" \/>\n\t<meta property=\"og:image:width\" content=\"1904\" \/>\n\t<meta property=\"og:image:height\" content=\"2560\" \/>\n\t<meta property=\"og:image:type\" content=\"image\/jpeg\" \/>\n<meta name=\"author\" content=\"empiezapori\" \/>\n<meta name=\"twitter:card\" content=\"summary_large_image\" \/>\n<meta name=\"twitter:creator\" content=\"@cannegresjd\" \/>\n<meta name=\"twitter:site\" content=\"@cannegresjd\" \/>\n<meta name=\"twitter:label1\" content=\"Escrito por\" \/>\n\t<meta name=\"twitter:data1\" content=\"empiezapori\" \/>\n\t<meta name=\"twitter:label2\" content=\"Tiempo de lectura\" \/>\n\t<meta name=\"twitter:data2\" content=\"1 minuto\" \/>\n<script type=\"application\/ld+json\" class=\"yoast-schema-graph\">{\"@context\":\"https:\\\/\\\/schema.org\",\"@graph\":[{\"@type\":\"Article\",\"@id\":\"https:\\\/\\\/centrejujolcannegre.cat\\\/es\\\/el-japonismo-obras-realizadas-por-el-alumnado-de-la-escuela-municipal-de-arte\\\/#article\",\"isPartOf\":{\"@id\":\"https:\\\/\\\/centrejujolcannegre.cat\\\/es\\\/el-japonismo-obras-realizadas-por-el-alumnado-de-la-escuela-municipal-de-arte\\\/\"},\"author\":{\"name\":\"empiezapori\",\"@id\":\"https:\\\/\\\/centrejujolcannegre.cat\\\/es\\\/#\\\/schema\\\/person\\\/c8ec359b2bad91e756a3e2d924cd77c7\"},\"headline\":\"El Japonismo. Obras realizadas por el alumnado de la Escuela Municipal de Arte\",\"datePublished\":\"2024-06-06T13:40:58+00:00\",\"dateModified\":\"2025-01-24T09:54:37+00:00\",\"mainEntityOfPage\":{\"@id\":\"https:\\\/\\\/centrejujolcannegre.cat\\\/es\\\/el-japonismo-obras-realizadas-por-el-alumnado-de-la-escuela-municipal-de-arte\\\/\"},\"wordCount\":182,\"publisher\":{\"@id\":\"https:\\\/\\\/centrejujolcannegre.cat\\\/es\\\/#organization\"},\"image\":{\"@id\":\"https:\\\/\\\/centrejujolcannegre.cat\\\/es\\\/el-japonismo-obras-realizadas-por-el-alumnado-de-la-escuela-municipal-de-arte\\\/#primaryimage\"},\"thumbnailUrl\":\"https:\\\/\\\/centrejujolcannegre.cat\\\/wp-content\\\/uploads\\\/2024\\\/06\\\/expo-gemma-origami_0230-scaled.jpg\",\"articleSection\":[\"Exposiciones\"],\"inLanguage\":\"es\"},{\"@type\":\"WebPage\",\"@id\":\"https:\\\/\\\/centrejujolcannegre.cat\\\/es\\\/el-japonismo-obras-realizadas-por-el-alumnado-de-la-escuela-municipal-de-arte\\\/\",\"url\":\"https:\\\/\\\/centrejujolcannegre.cat\\\/es\\\/el-japonismo-obras-realizadas-por-el-alumnado-de-la-escuela-municipal-de-arte\\\/\",\"name\":\"El Japonismo. Obras realizadas por el alumnado de la Escuela Municipal de Arte - Plataforma Centre Jujol - Can Negre\",\"isPartOf\":{\"@id\":\"https:\\\/\\\/centrejujolcannegre.cat\\\/es\\\/#website\"},\"primaryImageOfPage\":{\"@id\":\"https:\\\/\\\/centrejujolcannegre.cat\\\/es\\\/el-japonismo-obras-realizadas-por-el-alumnado-de-la-escuela-municipal-de-arte\\\/#primaryimage\"},\"image\":{\"@id\":\"https:\\\/\\\/centrejujolcannegre.cat\\\/es\\\/el-japonismo-obras-realizadas-por-el-alumnado-de-la-escuela-municipal-de-arte\\\/#primaryimage\"},\"thumbnailUrl\":\"https:\\\/\\\/centrejujolcannegre.cat\\\/wp-content\\\/uploads\\\/2024\\\/06\\\/expo-gemma-origami_0230-scaled.jpg\",\"datePublished\":\"2024-06-06T13:40:58+00:00\",\"dateModified\":\"2025-01-24T09:54:37+00:00\",\"breadcrumb\":{\"@id\":\"https:\\\/\\\/centrejujolcannegre.cat\\\/es\\\/el-japonismo-obras-realizadas-por-el-alumnado-de-la-escuela-municipal-de-arte\\\/#breadcrumb\"},\"inLanguage\":\"es\",\"potentialAction\":[{\"@type\":\"ReadAction\",\"target\":[\"https:\\\/\\\/centrejujolcannegre.cat\\\/es\\\/el-japonismo-obras-realizadas-por-el-alumnado-de-la-escuela-municipal-de-arte\\\/\"]}]},{\"@type\":\"ImageObject\",\"inLanguage\":\"es\",\"@id\":\"https:\\\/\\\/centrejujolcannegre.cat\\\/es\\\/el-japonismo-obras-realizadas-por-el-alumnado-de-la-escuela-municipal-de-arte\\\/#primaryimage\",\"url\":\"https:\\\/\\\/centrejujolcannegre.cat\\\/wp-content\\\/uploads\\\/2024\\\/06\\\/expo-gemma-origami_0230-scaled.jpg\",\"contentUrl\":\"https:\\\/\\\/centrejujolcannegre.cat\\\/wp-content\\\/uploads\\\/2024\\\/06\\\/expo-gemma-origami_0230-scaled.jpg\",\"width\":1904,\"height\":2560},{\"@type\":\"BreadcrumbList\",\"@id\":\"https:\\\/\\\/centrejujolcannegre.cat\\\/es\\\/el-japonismo-obras-realizadas-por-el-alumnado-de-la-escuela-municipal-de-arte\\\/#breadcrumb\",\"itemListElement\":[{\"@type\":\"ListItem\",\"position\":1,\"name\":\"Portada\",\"item\":\"https:\\\/\\\/centrejujolcannegre.cat\\\/es\\\/\"},{\"@type\":\"ListItem\",\"position\":2,\"name\":\"El Japonismo. Obras realizadas por el alumnado de la Escuela Municipal de Arte\"}]},{\"@type\":\"WebSite\",\"@id\":\"https:\\\/\\\/centrejujolcannegre.cat\\\/es\\\/#website\",\"url\":\"https:\\\/\\\/centrejujolcannegre.cat\\\/es\\\/\",\"name\":\"Plataforma Centre Jujol - Can Negre\",\"description\":\"Plataforma de venta d&#039;entradas d&#039;activitats, exposicions i circuits culturals a Museus i l&#039;Escola d&#039;Art de de Sant Joan Desp\u00ed\",\"publisher\":{\"@id\":\"https:\\\/\\\/centrejujolcannegre.cat\\\/es\\\/#organization\"},\"potentialAction\":[{\"@type\":\"SearchAction\",\"target\":{\"@type\":\"EntryPoint\",\"urlTemplate\":\"https:\\\/\\\/centrejujolcannegre.cat\\\/es\\\/?s={search_term_string}\"},\"query-input\":{\"@type\":\"PropertyValueSpecification\",\"valueRequired\":true,\"valueName\":\"search_term_string\"}}],\"inLanguage\":\"es\"},{\"@type\":\"Organization\",\"@id\":\"https:\\\/\\\/centrejujolcannegre.cat\\\/es\\\/#organization\",\"name\":\"Centre Jujol - Can Negre\",\"url\":\"https:\\\/\\\/centrejujolcannegre.cat\\\/es\\\/\",\"logo\":{\"@type\":\"ImageObject\",\"inLanguage\":\"es\",\"@id\":\"https:\\\/\\\/centrejujolcannegre.cat\\\/es\\\/#\\\/schema\\\/logo\\\/image\\\/\",\"url\":\"https:\\\/\\\/centrejujolcannegre.cat\\\/wp-content\\\/uploads\\\/2024\\\/05\\\/logo-centre-jujol-can-negre.svg\",\"contentUrl\":\"https:\\\/\\\/centrejujolcannegre.cat\\\/wp-content\\\/uploads\\\/2024\\\/05\\\/logo-centre-jujol-can-negre.svg\",\"caption\":\"Centre Jujol - Can Negre\"},\"image\":{\"@id\":\"https:\\\/\\\/centrejujolcannegre.cat\\\/es\\\/#\\\/schema\\\/logo\\\/image\\\/\"},\"sameAs\":[\"https:\\\/\\\/www.facebook.com\\\/cannegre\",\"https:\\\/\\\/x.com\\\/cannegresjd\"]},{\"@type\":\"Person\",\"@id\":\"https:\\\/\\\/centrejujolcannegre.cat\\\/es\\\/#\\\/schema\\\/person\\\/c8ec359b2bad91e756a3e2d924cd77c7\",\"name\":\"empiezapori\",\"image\":{\"@type\":\"ImageObject\",\"inLanguage\":\"es\",\"@id\":\"https:\\\/\\\/secure.gravatar.com\\\/avatar\\\/0ddf5f98884a4f76d843f5241239cb0845ded8d0c675d6a55138b7ad1de5011b?s=96&d=mm&r=g\",\"url\":\"https:\\\/\\\/secure.gravatar.com\\\/avatar\\\/0ddf5f98884a4f76d843f5241239cb0845ded8d0c675d6a55138b7ad1de5011b?s=96&d=mm&r=g\",\"contentUrl\":\"https:\\\/\\\/secure.gravatar.com\\\/avatar\\\/0ddf5f98884a4f76d843f5241239cb0845ded8d0c675d6a55138b7ad1de5011b?s=96&d=mm&r=g\",\"caption\":\"empiezapori\"}}]}<\/script>\n<!-- \/ Yoast SEO plugin. -->","yoast_head_json":{"title":"El Japonismo. Obras realizadas por el alumnado de la Escuela Municipal de Arte - Plataforma Centre Jujol - Can Negre","robots":{"index":"index","follow":"follow","max-snippet":"max-snippet:-1","max-image-preview":"max-image-preview:large","max-video-preview":"max-video-preview:-1"},"canonical":"https:\/\/centrejujolcannegre.cat\/es\/el-japonismo-obras-realizadas-por-el-alumnado-de-la-escuela-municipal-de-arte\/","og_locale":"es_ES","og_type":"article","og_title":"El Japonismo. Obras realizadas por el alumnado de la Escuela Municipal de Arte - Plataforma Centre Jujol - Can Negre","og_description":"Del 23 de mayo al 16 de junio Este a\u00f1o la Escuela Municipal de Arte presenta su colecci\u00f3n de trabajos realizados durante el curso 2024. Hem de destacar que les obres creades han estat inspirades en la tem\u00e0tica del japonisme, terme que es refereix a la influ\u00e8ncia de l&#8217;art japon\u00e8s en l&#8217;art occidental. La paraula...","og_url":"https:\/\/centrejujolcannegre.cat\/es\/el-japonismo-obras-realizadas-por-el-alumnado-de-la-escuela-municipal-de-arte\/","og_site_name":"Plataforma Centre Jujol - Can Negre","article_publisher":"https:\/\/www.facebook.com\/cannegre","article_published_time":"2024-06-06T13:40:58+00:00","article_modified_time":"2025-01-24T09:54:37+00:00","og_image":[{"width":1904,"height":2560,"url":"https:\/\/centrejujolcannegre.cat\/wp-content\/uploads\/2024\/06\/expo-gemma-origami_0230-scaled.jpg","type":"image\/jpeg"}],"author":"empiezapori","twitter_card":"summary_large_image","twitter_creator":"@cannegresjd","twitter_site":"@cannegresjd","twitter_misc":{"Escrito por":"empiezapori","Tiempo de lectura":"1 minuto"},"schema":{"@context":"https:\/\/schema.org","@graph":[{"@type":"Article","@id":"https:\/\/centrejujolcannegre.cat\/es\/el-japonismo-obras-realizadas-por-el-alumnado-de-la-escuela-municipal-de-arte\/#article","isPartOf":{"@id":"https:\/\/centrejujolcannegre.cat\/es\/el-japonismo-obras-realizadas-por-el-alumnado-de-la-escuela-municipal-de-arte\/"},"author":{"name":"empiezapori","@id":"https:\/\/centrejujolcannegre.cat\/es\/#\/schema\/person\/c8ec359b2bad91e756a3e2d924cd77c7"},"headline":"El Japonismo. Obras realizadas por el alumnado de la Escuela Municipal de Arte","datePublished":"2024-06-06T13:40:58+00:00","dateModified":"2025-01-24T09:54:37+00:00","mainEntityOfPage":{"@id":"https:\/\/centrejujolcannegre.cat\/es\/el-japonismo-obras-realizadas-por-el-alumnado-de-la-escuela-municipal-de-arte\/"},"wordCount":182,"publisher":{"@id":"https:\/\/centrejujolcannegre.cat\/es\/#organization"},"image":{"@id":"https:\/\/centrejujolcannegre.cat\/es\/el-japonismo-obras-realizadas-por-el-alumnado-de-la-escuela-municipal-de-arte\/#primaryimage"},"thumbnailUrl":"https:\/\/centrejujolcannegre.cat\/wp-content\/uploads\/2024\/06\/expo-gemma-origami_0230-scaled.jpg","articleSection":["Exposiciones"],"inLanguage":"es"},{"@type":"WebPage","@id":"https:\/\/centrejujolcannegre.cat\/es\/el-japonismo-obras-realizadas-por-el-alumnado-de-la-escuela-municipal-de-arte\/","url":"https:\/\/centrejujolcannegre.cat\/es\/el-japonismo-obras-realizadas-por-el-alumnado-de-la-escuela-municipal-de-arte\/","name":"El Japonismo. Obras realizadas por el alumnado de la Escuela Municipal de Arte - Plataforma Centre Jujol - Can Negre","isPartOf":{"@id":"https:\/\/centrejujolcannegre.cat\/es\/#website"},"primaryImageOfPage":{"@id":"https:\/\/centrejujolcannegre.cat\/es\/el-japonismo-obras-realizadas-por-el-alumnado-de-la-escuela-municipal-de-arte\/#primaryimage"},"image":{"@id":"https:\/\/centrejujolcannegre.cat\/es\/el-japonismo-obras-realizadas-por-el-alumnado-de-la-escuela-municipal-de-arte\/#primaryimage"},"thumbnailUrl":"https:\/\/centrejujolcannegre.cat\/wp-content\/uploads\/2024\/06\/expo-gemma-origami_0230-scaled.jpg","datePublished":"2024-06-06T13:40:58+00:00","dateModified":"2025-01-24T09:54:37+00:00","breadcrumb":{"@id":"https:\/\/centrejujolcannegre.cat\/es\/el-japonismo-obras-realizadas-por-el-alumnado-de-la-escuela-municipal-de-arte\/#breadcrumb"},"inLanguage":"es","potentialAction":[{"@type":"ReadAction","target":["https:\/\/centrejujolcannegre.cat\/es\/el-japonismo-obras-realizadas-por-el-alumnado-de-la-escuela-municipal-de-arte\/"]}]},{"@type":"ImageObject","inLanguage":"es","@id":"https:\/\/centrejujolcannegre.cat\/es\/el-japonismo-obras-realizadas-por-el-alumnado-de-la-escuela-municipal-de-arte\/#primaryimage","url":"https:\/\/centrejujolcannegre.cat\/wp-content\/uploads\/2024\/06\/expo-gemma-origami_0230-scaled.jpg","contentUrl":"https:\/\/centrejujolcannegre.cat\/wp-content\/uploads\/2024\/06\/expo-gemma-origami_0230-scaled.jpg","width":1904,"height":2560},{"@type":"BreadcrumbList","@id":"https:\/\/centrejujolcannegre.cat\/es\/el-japonismo-obras-realizadas-por-el-alumnado-de-la-escuela-municipal-de-arte\/#breadcrumb","itemListElement":[{"@type":"ListItem","position":1,"name":"Portada","item":"https:\/\/centrejujolcannegre.cat\/es\/"},{"@type":"ListItem","position":2,"name":"El Japonismo. Obras realizadas por el alumnado de la Escuela Municipal de Arte"}]},{"@type":"WebSite","@id":"https:\/\/centrejujolcannegre.cat\/es\/#website","url":"https:\/\/centrejujolcannegre.cat\/es\/","name":"Plataforma Centre Jujol - Can Negre","description":"Plataforma de venta d&#039;entradas d&#039;activitats, exposicions i circuits culturals a Museus i l&#039;Escola d&#039;Art de de Sant Joan Desp\u00ed","publisher":{"@id":"https:\/\/centrejujolcannegre.cat\/es\/#organization"},"potentialAction":[{"@type":"SearchAction","target":{"@type":"EntryPoint","urlTemplate":"https:\/\/centrejujolcannegre.cat\/es\/?s={search_term_string}"},"query-input":{"@type":"PropertyValueSpecification","valueRequired":true,"valueName":"search_term_string"}}],"inLanguage":"es"},{"@type":"Organization","@id":"https:\/\/centrejujolcannegre.cat\/es\/#organization","name":"Centre Jujol - Can Negre","url":"https:\/\/centrejujolcannegre.cat\/es\/","logo":{"@type":"ImageObject","inLanguage":"es","@id":"https:\/\/centrejujolcannegre.cat\/es\/#\/schema\/logo\/image\/","url":"https:\/\/centrejujolcannegre.cat\/wp-content\/uploads\/2024\/05\/logo-centre-jujol-can-negre.svg","contentUrl":"https:\/\/centrejujolcannegre.cat\/wp-content\/uploads\/2024\/05\/logo-centre-jujol-can-negre.svg","caption":"Centre Jujol - Can Negre"},"image":{"@id":"https:\/\/centrejujolcannegre.cat\/es\/#\/schema\/logo\/image\/"},"sameAs":["https:\/\/www.facebook.com\/cannegre","https:\/\/x.com\/cannegresjd"]},{"@type":"Person","@id":"https:\/\/centrejujolcannegre.cat\/es\/#\/schema\/person\/c8ec359b2bad91e756a3e2d924cd77c7","name":"empiezapori","image":{"@type":"ImageObject","inLanguage":"es","@id":"https:\/\/secure.gravatar.com\/avatar\/0ddf5f98884a4f76d843f5241239cb0845ded8d0c675d6a55138b7ad1de5011b?s=96&d=mm&r=g","url":"https:\/\/secure.gravatar.com\/avatar\/0ddf5f98884a4f76d843f5241239cb0845ded8d0c675d6a55138b7ad1de5011b?s=96&d=mm&r=g","contentUrl":"https:\/\/secure.gravatar.com\/avatar\/0ddf5f98884a4f76d843f5241239cb0845ded8d0c675d6a55138b7ad1de5011b?s=96&d=mm&r=g","caption":"empiezapori"}}]}},"taxonomy_info":{"category":[{"value":356,"label":"Exposiciones"}]},"featured_image_src_large":["https:\/\/centrejujolcannegre.cat\/wp-content\/uploads\/2024\/06\/expo-gemma-origami_0230-762x1024.jpg",762,1024,true],"author_info":{"display_name":"empiezapori","author_link":"https:\/\/centrejujolcannegre.cat\/es\/author\/empiezapori\/"},"comment_info":0,"category_info":[{"term_id":356,"name":"Exposiciones","slug":"exposiciones-es","term_group":0,"term_taxonomy_id":356,"taxonomy":"category","description":"","parent":0,"count":19,"filter":"raw","cat_ID":356,"category_count":19,"category_description":"","cat_name":"Exposiciones","category_nicename":"exposiciones-es","category_parent":0}],"tag_info":false,"_links":{"self":[{"href":"https:\/\/centrejujolcannegre.cat\/es\/wp-json\/wp\/v2\/posts\/9286","targetHints":{"allow":["GET"]}}],"collection":[{"href":"https:\/\/centrejujolcannegre.cat\/es\/wp-json\/wp\/v2\/posts"}],"about":[{"href":"https:\/\/centrejujolcannegre.cat\/es\/wp-json\/wp\/v2\/types\/post"}],"author":[{"embeddable":true,"href":"https:\/\/centrejujolcannegre.cat\/es\/wp-json\/wp\/v2\/users\/1"}],"replies":[{"embeddable":true,"href":"https:\/\/centrejujolcannegre.cat\/es\/wp-json\/wp\/v2\/comments?post=9286"}],"version-history":[{"count":1,"href":"https:\/\/centrejujolcannegre.cat\/es\/wp-json\/wp\/v2\/posts\/9286\/revisions"}],"predecessor-version":[{"id":9288,"href":"https:\/\/centrejujolcannegre.cat\/es\/wp-json\/wp\/v2\/posts\/9286\/revisions\/9288"}],"wp:featuredmedia":[{"embeddable":true,"href":"https:\/\/centrejujolcannegre.cat\/es\/wp-json\/wp\/v2\/media\/3499"}],"wp:attachment":[{"href":"https:\/\/centrejujolcannegre.cat\/es\/wp-json\/wp\/v2\/media?parent=9286"}],"wp:term":[{"taxonomy":"category","embeddable":true,"href":"https:\/\/centrejujolcannegre.cat\/es\/wp-json\/wp\/v2\/categories?post=9286"},{"taxonomy":"post_tag","embeddable":true,"href":"https:\/\/centrejujolcannegre.cat\/es\/wp-json\/wp\/v2\/tags?post=9286"}],"curies":[{"name":"wp","href":"https:\/\/api.w.org\/{rel}","templated":true}]}}