{"id":9294,"date":"2024-06-06T15:43:28","date_gmt":"2024-06-06T13:43:28","guid":{"rendered":"https:\/\/centrejujolcannegre.cat\/xxxi-edicion-exposicion-artistas-de-sant-joan-despi\/"},"modified":"2026-04-15T10:48:29","modified_gmt":"2026-04-15T08:48:29","slug":"xxxi-edicion-exposicion-artistas-de-sant-joan-despi","status":"publish","type":"post","link":"https:\/\/centrejujolcannegre.cat\/es\/xxxi-edicion-exposicion-artistas-de-sant-joan-despi\/","title":{"rendered":"XXXI Edici\u00f3n Exposici\u00f3n Artistas de Sant Joan Desp\u00ed"},"content":{"rendered":"\n<p><strong>Del 19 de junio al 14 de julio<\/strong><\/p>\n\n<p>En el marco de la Fiesta Mayor, presentamos la XXX edici\u00f3n de la Exposici\u00f3n de los y las Artistas de Sant Joan Desp\u00ed. Las salas de exposici\u00f3n del Centro Jujol-Can Negre mostrar\u00e1n una perspectiva \u00edntima de sus inquietudes a trav\u00e9s de sus trabajos, una mirada a diferentes temas que han querido presentar en esta edici\u00f3n. <\/p>\n\n<p>De nuevo nos mostrar\u00e1n obras de arte con propuestas creativas y originales. Encontraremos piezas singulares que nos har\u00e1n disfrutar de la cultura de nuestra ciudad. <\/p>\n\n<p><em>Crear es la emoci\u00f3n m\u00e1s intensa que podemos llegar a conocer.<\/em><\/p>\n\n<p>Anni Albers (1899-1994)<\/p>\n\n<p>Inauguraci\u00f3n 19 de junio a las 20 horas<\/p>\n","protected":false},"excerpt":{"rendered":"<p>Del 19 de junio al 14 de julio En el marco de la Fiesta Mayor, presentamos la XXX edici\u00f3n de la Exposici\u00f3n de los y las Artistas de Sant Joan Desp\u00ed. Las salas de exposici\u00f3n del Centro Jujol-Can Negre mostrar\u00e1n una perspectiva \u00edntima de sus inquietudes a trav\u00e9s de sus trabajos, una mirada a diferentes&#8230;<\/p>\n","protected":false},"author":1,"featured_media":3493,"comment_status":"closed","ping_status":"closed","sticky":false,"template":"","format":"standard","meta":{"inline_featured_image":false,"_kad_blocks_custom_css":"","_kad_blocks_head_custom_js":"","_kad_blocks_body_custom_js":"","_kad_blocks_footer_custom_js":"","_kad_post_transparent":"","_kad_post_title":"","_kad_post_layout":"","_kad_post_sidebar_id":"","_kad_post_content_style":"","_kad_post_vertical_padding":"","_kad_post_feature":"","_kad_post_feature_position":"","_kad_post_header":false,"_kad_post_footer":false,"_kad_post_classname":"","footnotes":""},"categories":[356],"tags":[],"class_list":["post-9294","post","type-post","status-publish","format-standard","has-post-thumbnail","hentry","category-exposiciones-es"],"yoast_head":"<!-- This site is optimized with the Yoast SEO plugin v27.5 - https:\/\/yoast.com\/product\/yoast-seo-wordpress\/ -->\n<title>XXXI Edici\u00f3n Exposici\u00f3n Artistas de Sant Joan Desp\u00ed - Plataforma Centre Jujol - Can Negre<\/title>\n<meta name=\"robots\" content=\"index, follow, max-snippet:-1, max-image-preview:large, max-video-preview:-1\" \/>\n<link rel=\"canonical\" href=\"https:\/\/centrejujolcannegre.cat\/es\/xxxi-edicion-exposicion-artistas-de-sant-joan-despi\/\" \/>\n<meta property=\"og:locale\" content=\"es_ES\" \/>\n<meta property=\"og:type\" content=\"article\" \/>\n<meta property=\"og:title\" content=\"XXXI Edici\u00f3n Exposici\u00f3n Artistas de Sant Joan Desp\u00ed - Plataforma Centre Jujol - Can Negre\" \/>\n<meta property=\"og:description\" content=\"Del 19 de junio al 14 de julio En el marco de la Fiesta Mayor, presentamos la XXX edici\u00f3n de la Exposici\u00f3n de los y las Artistas de Sant Joan Desp\u00ed. Las salas de exposici\u00f3n del Centro Jujol-Can Negre mostrar\u00e1n una perspectiva \u00edntima de sus inquietudes a trav\u00e9s de sus trabajos, una mirada a diferentes...\" \/>\n<meta property=\"og:url\" content=\"https:\/\/centrejujolcannegre.cat\/es\/xxxi-edicion-exposicion-artistas-de-sant-joan-despi\/\" \/>\n<meta property=\"og:site_name\" content=\"Plataforma Centre Jujol - Can Negre\" \/>\n<meta property=\"article:publisher\" content=\"https:\/\/www.facebook.com\/cannegre\" \/>\n<meta property=\"article:published_time\" content=\"2024-06-06T13:43:28+00:00\" \/>\n<meta property=\"article:modified_time\" content=\"2026-04-15T08:48:29+00:00\" \/>\n<meta property=\"og:image\" content=\"https:\/\/centrejujolcannegre.cat\/wp-content\/uploads\/2024\/06\/expo-artistes-sant-joan.jpg\" \/>\n\t<meta property=\"og:image:width\" content=\"1179\" \/>\n\t<meta property=\"og:image:height\" content=\"839\" \/>\n\t<meta property=\"og:image:type\" content=\"image\/jpeg\" \/>\n<meta name=\"author\" content=\"empiezapori\" \/>\n<meta name=\"twitter:card\" content=\"summary_large_image\" \/>\n<meta name=\"twitter:creator\" content=\"@cannegresjd\" \/>\n<meta name=\"twitter:site\" content=\"@cannegresjd\" \/>\n<meta name=\"twitter:label1\" content=\"Escrito por\" \/>\n\t<meta name=\"twitter:data1\" content=\"empiezapori\" \/>\n\t<meta name=\"twitter:label2\" content=\"Tiempo de lectura\" \/>\n\t<meta name=\"twitter:data2\" content=\"1 minuto\" \/>\n<script type=\"application\/ld+json\" class=\"yoast-schema-graph\">{\"@context\":\"https:\\\/\\\/schema.org\",\"@graph\":[{\"@type\":\"Article\",\"@id\":\"https:\\\/\\\/centrejujolcannegre.cat\\\/es\\\/xxxi-edicion-exposicion-artistas-de-sant-joan-despi\\\/#article\",\"isPartOf\":{\"@id\":\"https:\\\/\\\/centrejujolcannegre.cat\\\/es\\\/xxxi-edicion-exposicion-artistas-de-sant-joan-despi\\\/\"},\"author\":{\"name\":\"empiezapori\",\"@id\":\"https:\\\/\\\/centrejujolcannegre.cat\\\/es\\\/#\\\/schema\\\/person\\\/c8ec359b2bad91e756a3e2d924cd77c7\"},\"headline\":\"XXXI Edici\u00f3n Exposici\u00f3n Artistas de Sant Joan Desp\u00ed\",\"datePublished\":\"2024-06-06T13:43:28+00:00\",\"dateModified\":\"2026-04-15T08:48:29+00:00\",\"mainEntityOfPage\":{\"@id\":\"https:\\\/\\\/centrejujolcannegre.cat\\\/es\\\/xxxi-edicion-exposicion-artistas-de-sant-joan-despi\\\/\"},\"wordCount\":127,\"publisher\":{\"@id\":\"https:\\\/\\\/centrejujolcannegre.cat\\\/es\\\/#organization\"},\"image\":{\"@id\":\"https:\\\/\\\/centrejujolcannegre.cat\\\/es\\\/xxxi-edicion-exposicion-artistas-de-sant-joan-despi\\\/#primaryimage\"},\"thumbnailUrl\":\"https:\\\/\\\/centrejujolcannegre.cat\\\/wp-content\\\/uploads\\\/2024\\\/06\\\/expo-artistes-sant-joan.jpg\",\"articleSection\":[\"Exposiciones\"],\"inLanguage\":\"es\"},{\"@type\":\"WebPage\",\"@id\":\"https:\\\/\\\/centrejujolcannegre.cat\\\/es\\\/xxxi-edicion-exposicion-artistas-de-sant-joan-despi\\\/\",\"url\":\"https:\\\/\\\/centrejujolcannegre.cat\\\/es\\\/xxxi-edicion-exposicion-artistas-de-sant-joan-despi\\\/\",\"name\":\"XXXI Edici\u00f3n Exposici\u00f3n Artistas de Sant Joan Desp\u00ed - Plataforma Centre Jujol - Can Negre\",\"isPartOf\":{\"@id\":\"https:\\\/\\\/centrejujolcannegre.cat\\\/es\\\/#website\"},\"primaryImageOfPage\":{\"@id\":\"https:\\\/\\\/centrejujolcannegre.cat\\\/es\\\/xxxi-edicion-exposicion-artistas-de-sant-joan-despi\\\/#primaryimage\"},\"image\":{\"@id\":\"https:\\\/\\\/centrejujolcannegre.cat\\\/es\\\/xxxi-edicion-exposicion-artistas-de-sant-joan-despi\\\/#primaryimage\"},\"thumbnailUrl\":\"https:\\\/\\\/centrejujolcannegre.cat\\\/wp-content\\\/uploads\\\/2024\\\/06\\\/expo-artistes-sant-joan.jpg\",\"datePublished\":\"2024-06-06T13:43:28+00:00\",\"dateModified\":\"2026-04-15T08:48:29+00:00\",\"breadcrumb\":{\"@id\":\"https:\\\/\\\/centrejujolcannegre.cat\\\/es\\\/xxxi-edicion-exposicion-artistas-de-sant-joan-despi\\\/#breadcrumb\"},\"inLanguage\":\"es\",\"potentialAction\":[{\"@type\":\"ReadAction\",\"target\":[\"https:\\\/\\\/centrejujolcannegre.cat\\\/es\\\/xxxi-edicion-exposicion-artistas-de-sant-joan-despi\\\/\"]}]},{\"@type\":\"ImageObject\",\"inLanguage\":\"es\",\"@id\":\"https:\\\/\\\/centrejujolcannegre.cat\\\/es\\\/xxxi-edicion-exposicion-artistas-de-sant-joan-despi\\\/#primaryimage\",\"url\":\"https:\\\/\\\/centrejujolcannegre.cat\\\/wp-content\\\/uploads\\\/2024\\\/06\\\/expo-artistes-sant-joan.jpg\",\"contentUrl\":\"https:\\\/\\\/centrejujolcannegre.cat\\\/wp-content\\\/uploads\\\/2024\\\/06\\\/expo-artistes-sant-joan.jpg\",\"width\":1179,\"height\":839},{\"@type\":\"BreadcrumbList\",\"@id\":\"https:\\\/\\\/centrejujolcannegre.cat\\\/es\\\/xxxi-edicion-exposicion-artistas-de-sant-joan-despi\\\/#breadcrumb\",\"itemListElement\":[{\"@type\":\"ListItem\",\"position\":1,\"name\":\"Portada\",\"item\":\"https:\\\/\\\/centrejujolcannegre.cat\\\/es\\\/\"},{\"@type\":\"ListItem\",\"position\":2,\"name\":\"XXXI Edici\u00f3n Exposici\u00f3n Artistas de Sant Joan Desp\u00ed\"}]},{\"@type\":\"WebSite\",\"@id\":\"https:\\\/\\\/centrejujolcannegre.cat\\\/es\\\/#website\",\"url\":\"https:\\\/\\\/centrejujolcannegre.cat\\\/es\\\/\",\"name\":\"Plataforma Centre Jujol - Can Negre\",\"description\":\"Plataforma de venta d&#039;entradas d&#039;activitats, exposicions i circuits culturals a Museus i l&#039;Escola d&#039;Art de de Sant Joan Desp\u00ed\",\"publisher\":{\"@id\":\"https:\\\/\\\/centrejujolcannegre.cat\\\/es\\\/#organization\"},\"potentialAction\":[{\"@type\":\"SearchAction\",\"target\":{\"@type\":\"EntryPoint\",\"urlTemplate\":\"https:\\\/\\\/centrejujolcannegre.cat\\\/es\\\/?s={search_term_string}\"},\"query-input\":{\"@type\":\"PropertyValueSpecification\",\"valueRequired\":true,\"valueName\":\"search_term_string\"}}],\"inLanguage\":\"es\"},{\"@type\":\"Organization\",\"@id\":\"https:\\\/\\\/centrejujolcannegre.cat\\\/es\\\/#organization\",\"name\":\"Centre Jujol - Can Negre\",\"url\":\"https:\\\/\\\/centrejujolcannegre.cat\\\/es\\\/\",\"logo\":{\"@type\":\"ImageObject\",\"inLanguage\":\"es\",\"@id\":\"https:\\\/\\\/centrejujolcannegre.cat\\\/es\\\/#\\\/schema\\\/logo\\\/image\\\/\",\"url\":\"https:\\\/\\\/centrejujolcannegre.cat\\\/wp-content\\\/uploads\\\/2024\\\/05\\\/logo-centre-jujol-can-negre.svg\",\"contentUrl\":\"https:\\\/\\\/centrejujolcannegre.cat\\\/wp-content\\\/uploads\\\/2024\\\/05\\\/logo-centre-jujol-can-negre.svg\",\"caption\":\"Centre Jujol - Can Negre\"},\"image\":{\"@id\":\"https:\\\/\\\/centrejujolcannegre.cat\\\/es\\\/#\\\/schema\\\/logo\\\/image\\\/\"},\"sameAs\":[\"https:\\\/\\\/www.facebook.com\\\/cannegre\",\"https:\\\/\\\/x.com\\\/cannegresjd\"]},{\"@type\":\"Person\",\"@id\":\"https:\\\/\\\/centrejujolcannegre.cat\\\/es\\\/#\\\/schema\\\/person\\\/c8ec359b2bad91e756a3e2d924cd77c7\",\"name\":\"empiezapori\",\"image\":{\"@type\":\"ImageObject\",\"inLanguage\":\"es\",\"@id\":\"https:\\\/\\\/secure.gravatar.com\\\/avatar\\\/0ddf5f98884a4f76d843f5241239cb0845ded8d0c675d6a55138b7ad1de5011b?s=96&d=mm&r=g\",\"url\":\"https:\\\/\\\/secure.gravatar.com\\\/avatar\\\/0ddf5f98884a4f76d843f5241239cb0845ded8d0c675d6a55138b7ad1de5011b?s=96&d=mm&r=g\",\"contentUrl\":\"https:\\\/\\\/secure.gravatar.com\\\/avatar\\\/0ddf5f98884a4f76d843f5241239cb0845ded8d0c675d6a55138b7ad1de5011b?s=96&d=mm&r=g\",\"caption\":\"empiezapori\"}}]}<\/script>\n<!-- \/ Yoast SEO plugin. -->","yoast_head_json":{"title":"XXXI Edici\u00f3n Exposici\u00f3n Artistas de Sant Joan Desp\u00ed - Plataforma Centre Jujol - Can Negre","robots":{"index":"index","follow":"follow","max-snippet":"max-snippet:-1","max-image-preview":"max-image-preview:large","max-video-preview":"max-video-preview:-1"},"canonical":"https:\/\/centrejujolcannegre.cat\/es\/xxxi-edicion-exposicion-artistas-de-sant-joan-despi\/","og_locale":"es_ES","og_type":"article","og_title":"XXXI Edici\u00f3n Exposici\u00f3n Artistas de Sant Joan Desp\u00ed - Plataforma Centre Jujol - Can Negre","og_description":"Del 19 de junio al 14 de julio En el marco de la Fiesta Mayor, presentamos la XXX edici\u00f3n de la Exposici\u00f3n de los y las Artistas de Sant Joan Desp\u00ed. Las salas de exposici\u00f3n del Centro Jujol-Can Negre mostrar\u00e1n una perspectiva \u00edntima de sus inquietudes a trav\u00e9s de sus trabajos, una mirada a diferentes...","og_url":"https:\/\/centrejujolcannegre.cat\/es\/xxxi-edicion-exposicion-artistas-de-sant-joan-despi\/","og_site_name":"Plataforma Centre Jujol - Can Negre","article_publisher":"https:\/\/www.facebook.com\/cannegre","article_published_time":"2024-06-06T13:43:28+00:00","article_modified_time":"2026-04-15T08:48:29+00:00","og_image":[{"width":1179,"height":839,"url":"https:\/\/centrejujolcannegre.cat\/wp-content\/uploads\/2024\/06\/expo-artistes-sant-joan.jpg","type":"image\/jpeg"}],"author":"empiezapori","twitter_card":"summary_large_image","twitter_creator":"@cannegresjd","twitter_site":"@cannegresjd","twitter_misc":{"Escrito por":"empiezapori","Tiempo de lectura":"1 minuto"},"schema":{"@context":"https:\/\/schema.org","@graph":[{"@type":"Article","@id":"https:\/\/centrejujolcannegre.cat\/es\/xxxi-edicion-exposicion-artistas-de-sant-joan-despi\/#article","isPartOf":{"@id":"https:\/\/centrejujolcannegre.cat\/es\/xxxi-edicion-exposicion-artistas-de-sant-joan-despi\/"},"author":{"name":"empiezapori","@id":"https:\/\/centrejujolcannegre.cat\/es\/#\/schema\/person\/c8ec359b2bad91e756a3e2d924cd77c7"},"headline":"XXXI Edici\u00f3n Exposici\u00f3n Artistas de Sant Joan Desp\u00ed","datePublished":"2024-06-06T13:43:28+00:00","dateModified":"2026-04-15T08:48:29+00:00","mainEntityOfPage":{"@id":"https:\/\/centrejujolcannegre.cat\/es\/xxxi-edicion-exposicion-artistas-de-sant-joan-despi\/"},"wordCount":127,"publisher":{"@id":"https:\/\/centrejujolcannegre.cat\/es\/#organization"},"image":{"@id":"https:\/\/centrejujolcannegre.cat\/es\/xxxi-edicion-exposicion-artistas-de-sant-joan-despi\/#primaryimage"},"thumbnailUrl":"https:\/\/centrejujolcannegre.cat\/wp-content\/uploads\/2024\/06\/expo-artistes-sant-joan.jpg","articleSection":["Exposiciones"],"inLanguage":"es"},{"@type":"WebPage","@id":"https:\/\/centrejujolcannegre.cat\/es\/xxxi-edicion-exposicion-artistas-de-sant-joan-despi\/","url":"https:\/\/centrejujolcannegre.cat\/es\/xxxi-edicion-exposicion-artistas-de-sant-joan-despi\/","name":"XXXI Edici\u00f3n Exposici\u00f3n Artistas de Sant Joan Desp\u00ed - Plataforma Centre Jujol - Can Negre","isPartOf":{"@id":"https:\/\/centrejujolcannegre.cat\/es\/#website"},"primaryImageOfPage":{"@id":"https:\/\/centrejujolcannegre.cat\/es\/xxxi-edicion-exposicion-artistas-de-sant-joan-despi\/#primaryimage"},"image":{"@id":"https:\/\/centrejujolcannegre.cat\/es\/xxxi-edicion-exposicion-artistas-de-sant-joan-despi\/#primaryimage"},"thumbnailUrl":"https:\/\/centrejujolcannegre.cat\/wp-content\/uploads\/2024\/06\/expo-artistes-sant-joan.jpg","datePublished":"2024-06-06T13:43:28+00:00","dateModified":"2026-04-15T08:48:29+00:00","breadcrumb":{"@id":"https:\/\/centrejujolcannegre.cat\/es\/xxxi-edicion-exposicion-artistas-de-sant-joan-despi\/#breadcrumb"},"inLanguage":"es","potentialAction":[{"@type":"ReadAction","target":["https:\/\/centrejujolcannegre.cat\/es\/xxxi-edicion-exposicion-artistas-de-sant-joan-despi\/"]}]},{"@type":"ImageObject","inLanguage":"es","@id":"https:\/\/centrejujolcannegre.cat\/es\/xxxi-edicion-exposicion-artistas-de-sant-joan-despi\/#primaryimage","url":"https:\/\/centrejujolcannegre.cat\/wp-content\/uploads\/2024\/06\/expo-artistes-sant-joan.jpg","contentUrl":"https:\/\/centrejujolcannegre.cat\/wp-content\/uploads\/2024\/06\/expo-artistes-sant-joan.jpg","width":1179,"height":839},{"@type":"BreadcrumbList","@id":"https:\/\/centrejujolcannegre.cat\/es\/xxxi-edicion-exposicion-artistas-de-sant-joan-despi\/#breadcrumb","itemListElement":[{"@type":"ListItem","position":1,"name":"Portada","item":"https:\/\/centrejujolcannegre.cat\/es\/"},{"@type":"ListItem","position":2,"name":"XXXI Edici\u00f3n Exposici\u00f3n Artistas de Sant Joan Desp\u00ed"}]},{"@type":"WebSite","@id":"https:\/\/centrejujolcannegre.cat\/es\/#website","url":"https:\/\/centrejujolcannegre.cat\/es\/","name":"Plataforma Centre Jujol - Can Negre","description":"Plataforma de venta d&#039;entradas d&#039;activitats, exposicions i circuits culturals a Museus i l&#039;Escola d&#039;Art de de Sant Joan Desp\u00ed","publisher":{"@id":"https:\/\/centrejujolcannegre.cat\/es\/#organization"},"potentialAction":[{"@type":"SearchAction","target":{"@type":"EntryPoint","urlTemplate":"https:\/\/centrejujolcannegre.cat\/es\/?s={search_term_string}"},"query-input":{"@type":"PropertyValueSpecification","valueRequired":true,"valueName":"search_term_string"}}],"inLanguage":"es"},{"@type":"Organization","@id":"https:\/\/centrejujolcannegre.cat\/es\/#organization","name":"Centre Jujol - Can Negre","url":"https:\/\/centrejujolcannegre.cat\/es\/","logo":{"@type":"ImageObject","inLanguage":"es","@id":"https:\/\/centrejujolcannegre.cat\/es\/#\/schema\/logo\/image\/","url":"https:\/\/centrejujolcannegre.cat\/wp-content\/uploads\/2024\/05\/logo-centre-jujol-can-negre.svg","contentUrl":"https:\/\/centrejujolcannegre.cat\/wp-content\/uploads\/2024\/05\/logo-centre-jujol-can-negre.svg","caption":"Centre Jujol - Can Negre"},"image":{"@id":"https:\/\/centrejujolcannegre.cat\/es\/#\/schema\/logo\/image\/"},"sameAs":["https:\/\/www.facebook.com\/cannegre","https:\/\/x.com\/cannegresjd"]},{"@type":"Person","@id":"https:\/\/centrejujolcannegre.cat\/es\/#\/schema\/person\/c8ec359b2bad91e756a3e2d924cd77c7","name":"empiezapori","image":{"@type":"ImageObject","inLanguage":"es","@id":"https:\/\/secure.gravatar.com\/avatar\/0ddf5f98884a4f76d843f5241239cb0845ded8d0c675d6a55138b7ad1de5011b?s=96&d=mm&r=g","url":"https:\/\/secure.gravatar.com\/avatar\/0ddf5f98884a4f76d843f5241239cb0845ded8d0c675d6a55138b7ad1de5011b?s=96&d=mm&r=g","contentUrl":"https:\/\/secure.gravatar.com\/avatar\/0ddf5f98884a4f76d843f5241239cb0845ded8d0c675d6a55138b7ad1de5011b?s=96&d=mm&r=g","caption":"empiezapori"}}]}},"taxonomy_info":{"category":[{"value":356,"label":"Exposiciones"}]},"featured_image_src_large":["https:\/\/centrejujolcannegre.cat\/wp-content\/uploads\/2024\/06\/expo-artistes-sant-joan-1024x729.jpg",1024,729,true],"author_info":{"display_name":"empiezapori","author_link":"https:\/\/centrejujolcannegre.cat\/es\/author\/empiezapori\/"},"comment_info":0,"category_info":[{"term_id":356,"name":"Exposiciones","slug":"exposiciones-es","term_group":0,"term_taxonomy_id":356,"taxonomy":"category","description":"","parent":0,"count":19,"filter":"raw","cat_ID":356,"category_count":19,"category_description":"","cat_name":"Exposiciones","category_nicename":"exposiciones-es","category_parent":0}],"tag_info":false,"_links":{"self":[{"href":"https:\/\/centrejujolcannegre.cat\/es\/wp-json\/wp\/v2\/posts\/9294","targetHints":{"allow":["GET"]}}],"collection":[{"href":"https:\/\/centrejujolcannegre.cat\/es\/wp-json\/wp\/v2\/posts"}],"about":[{"href":"https:\/\/centrejujolcannegre.cat\/es\/wp-json\/wp\/v2\/types\/post"}],"author":[{"embeddable":true,"href":"https:\/\/centrejujolcannegre.cat\/es\/wp-json\/wp\/v2\/users\/1"}],"replies":[{"embeddable":true,"href":"https:\/\/centrejujolcannegre.cat\/es\/wp-json\/wp\/v2\/comments?post=9294"}],"version-history":[{"count":2,"href":"https:\/\/centrejujolcannegre.cat\/es\/wp-json\/wp\/v2\/posts\/9294\/revisions"}],"predecessor-version":[{"id":23786,"href":"https:\/\/centrejujolcannegre.cat\/es\/wp-json\/wp\/v2\/posts\/9294\/revisions\/23786"}],"wp:featuredmedia":[{"embeddable":true,"href":"https:\/\/centrejujolcannegre.cat\/es\/wp-json\/wp\/v2\/media\/3493"}],"wp:attachment":[{"href":"https:\/\/centrejujolcannegre.cat\/es\/wp-json\/wp\/v2\/media?parent=9294"}],"wp:term":[{"taxonomy":"category","embeddable":true,"href":"https:\/\/centrejujolcannegre.cat\/es\/wp-json\/wp\/v2\/categories?post=9294"},{"taxonomy":"post_tag","embeddable":true,"href":"https:\/\/centrejujolcannegre.cat\/es\/wp-json\/wp\/v2\/tags?post=9294"}],"curies":[{"name":"wp","href":"https:\/\/api.w.org\/{rel}","templated":true}]}}