{"id":9299,"date":"2024-11-12T11:50:26","date_gmt":"2024-11-12T10:50:26","guid":{"rendered":"https:\/\/centrejujolcannegre.cat\/retrospectiva-de-dibujos-de-enrique-garcia-puentes\/"},"modified":"2025-01-24T10:54:43","modified_gmt":"2025-01-24T09:54:43","slug":"retrospectiva-de-dibujos-de-enrique-garcia-puentes","status":"publish","type":"post","link":"https:\/\/centrejujolcannegre.cat\/es\/retrospectiva-de-dibujos-de-enrique-garcia-puentes\/","title":{"rendered":"Retrospectiva de dibujos de Enrique Garc\u00eda Puentes"},"content":{"rendered":"\n<p>Del 7 de noviembre al 1 de diciembre de 2024<\/p>\n\n<p>Enrique le invita a acompa\u00f1arle a dar una vuelta por algunas de sus \u00faltimas obras y un vuelco en un sentido muy literal, dado que a menudo la tem\u00e1tica que desarrolla son brochazos de la vida cotidiana en un contexto urbano. ocupa un lugar secundario, si es que ocupa alguno, porque el verdadero protagonista es el espacio y, en particular, los edificios en los que transcurre la acci\u00f3n.  <\/p>\n\n<p>Sin embargo, una mirada m\u00e1s atenta de estos paisajes urbanos insta al espectador a colonizarlos. El di\u00e1logo que se establece entre ambos \u00e1mbitos (el subjetivo y el objetivo) pretende irrumpir con extra\u00f1eza y perplejidad la mirada del visitante apel\u00e1ndole de una forma muy personal. Es, en definitiva, una invitaci\u00f3n a hacer suyos los diferentes escenarios que con mejor o peor fortuna le acerca para que los habitamos juntos.  <\/p>\n\n<p><\/p>\n","protected":false},"excerpt":{"rendered":"<p>Del 7 de noviembre al 1 de diciembre de 2024 Enrique le invita a acompa\u00f1arle a dar una vuelta por algunas de sus \u00faltimas obras y un vuelco en un sentido muy literal, dado que a menudo la tem\u00e1tica que desarrolla son brochazos de la vida cotidiana en un contexto urbano. ocupa un lugar secundario,&#8230;<\/p>\n","protected":false},"author":1,"featured_media":8077,"comment_status":"closed","ping_status":"closed","sticky":false,"template":"","format":"standard","meta":{"inline_featured_image":false,"_kad_blocks_custom_css":"","_kad_blocks_head_custom_js":"","_kad_blocks_body_custom_js":"","_kad_blocks_footer_custom_js":"","_kad_post_transparent":"","_kad_post_title":"","_kad_post_layout":"","_kad_post_sidebar_id":"","_kad_post_content_style":"","_kad_post_vertical_padding":"","_kad_post_feature":"","_kad_post_feature_position":"","_kad_post_header":false,"_kad_post_footer":false,"_kad_post_classname":"","footnotes":""},"categories":[356],"tags":[],"class_list":["post-9299","post","type-post","status-publish","format-standard","has-post-thumbnail","hentry","category-exposiciones-es"],"yoast_head":"<!-- This site is optimized with the Yoast SEO plugin v27.5 - https:\/\/yoast.com\/product\/yoast-seo-wordpress\/ -->\n<title>Retrospectiva de dibujos de Enrique Garc\u00eda Puentes - Plataforma Centre Jujol - Can Negre<\/title>\n<meta name=\"robots\" content=\"index, follow, max-snippet:-1, max-image-preview:large, max-video-preview:-1\" \/>\n<link rel=\"canonical\" href=\"https:\/\/centrejujolcannegre.cat\/es\/retrospectiva-de-dibujos-de-enrique-garcia-puentes\/\" \/>\n<meta property=\"og:locale\" content=\"es_ES\" \/>\n<meta property=\"og:type\" content=\"article\" \/>\n<meta property=\"og:title\" content=\"Retrospectiva de dibujos de Enrique Garc\u00eda Puentes - Plataforma Centre Jujol - Can Negre\" \/>\n<meta property=\"og:description\" content=\"Del 7 de noviembre al 1 de diciembre de 2024 Enrique le invita a acompa\u00f1arle a dar una vuelta por algunas de sus \u00faltimas obras y un vuelco en un sentido muy literal, dado que a menudo la tem\u00e1tica que desarrolla son brochazos de la vida cotidiana en un contexto urbano. ocupa un lugar secundario,...\" \/>\n<meta property=\"og:url\" content=\"https:\/\/centrejujolcannegre.cat\/es\/retrospectiva-de-dibujos-de-enrique-garcia-puentes\/\" \/>\n<meta property=\"og:site_name\" content=\"Plataforma Centre Jujol - Can Negre\" \/>\n<meta property=\"article:publisher\" content=\"https:\/\/www.facebook.com\/cannegre\" \/>\n<meta property=\"article:published_time\" content=\"2024-11-12T10:50:26+00:00\" \/>\n<meta property=\"article:modified_time\" content=\"2025-01-24T09:54:43+00:00\" \/>\n<meta property=\"og:image\" content=\"https:\/\/centrejujolcannegre.cat\/wp-content\/uploads\/2024\/11\/imatge-8-1024x882.png\" \/>\n\t<meta property=\"og:image:width\" content=\"1024\" \/>\n\t<meta property=\"og:image:height\" content=\"882\" \/>\n\t<meta property=\"og:image:type\" content=\"image\/png\" \/>\n<meta name=\"author\" content=\"empiezapori\" \/>\n<meta name=\"twitter:card\" content=\"summary_large_image\" \/>\n<meta name=\"twitter:creator\" content=\"@cannegresjd\" \/>\n<meta name=\"twitter:site\" content=\"@cannegresjd\" \/>\n<meta name=\"twitter:label1\" content=\"Escrito por\" \/>\n\t<meta name=\"twitter:data1\" content=\"empiezapori\" \/>\n\t<meta name=\"twitter:label2\" content=\"Tiempo de lectura\" \/>\n\t<meta name=\"twitter:data2\" content=\"1 minuto\" \/>\n<script type=\"application\/ld+json\" class=\"yoast-schema-graph\">{\"@context\":\"https:\\\/\\\/schema.org\",\"@graph\":[{\"@type\":\"Article\",\"@id\":\"https:\\\/\\\/centrejujolcannegre.cat\\\/es\\\/retrospectiva-de-dibujos-de-enrique-garcia-puentes\\\/#article\",\"isPartOf\":{\"@id\":\"https:\\\/\\\/centrejujolcannegre.cat\\\/es\\\/retrospectiva-de-dibujos-de-enrique-garcia-puentes\\\/\"},\"author\":{\"name\":\"empiezapori\",\"@id\":\"https:\\\/\\\/centrejujolcannegre.cat\\\/es\\\/#\\\/schema\\\/person\\\/c8ec359b2bad91e756a3e2d924cd77c7\"},\"headline\":\"Retrospectiva de dibujos de Enrique Garc\u00eda Puentes\",\"datePublished\":\"2024-11-12T10:50:26+00:00\",\"dateModified\":\"2025-01-24T09:54:43+00:00\",\"mainEntityOfPage\":{\"@id\":\"https:\\\/\\\/centrejujolcannegre.cat\\\/es\\\/retrospectiva-de-dibujos-de-enrique-garcia-puentes\\\/\"},\"wordCount\":159,\"publisher\":{\"@id\":\"https:\\\/\\\/centrejujolcannegre.cat\\\/es\\\/#organization\"},\"image\":{\"@id\":\"https:\\\/\\\/centrejujolcannegre.cat\\\/es\\\/retrospectiva-de-dibujos-de-enrique-garcia-puentes\\\/#primaryimage\"},\"thumbnailUrl\":\"https:\\\/\\\/centrejujolcannegre.cat\\\/wp-content\\\/uploads\\\/2024\\\/11\\\/imatge-8.png\",\"articleSection\":[\"Exposiciones\"],\"inLanguage\":\"es\"},{\"@type\":\"WebPage\",\"@id\":\"https:\\\/\\\/centrejujolcannegre.cat\\\/es\\\/retrospectiva-de-dibujos-de-enrique-garcia-puentes\\\/\",\"url\":\"https:\\\/\\\/centrejujolcannegre.cat\\\/es\\\/retrospectiva-de-dibujos-de-enrique-garcia-puentes\\\/\",\"name\":\"Retrospectiva de dibujos de Enrique Garc\u00eda Puentes - Plataforma Centre Jujol - Can Negre\",\"isPartOf\":{\"@id\":\"https:\\\/\\\/centrejujolcannegre.cat\\\/es\\\/#website\"},\"primaryImageOfPage\":{\"@id\":\"https:\\\/\\\/centrejujolcannegre.cat\\\/es\\\/retrospectiva-de-dibujos-de-enrique-garcia-puentes\\\/#primaryimage\"},\"image\":{\"@id\":\"https:\\\/\\\/centrejujolcannegre.cat\\\/es\\\/retrospectiva-de-dibujos-de-enrique-garcia-puentes\\\/#primaryimage\"},\"thumbnailUrl\":\"https:\\\/\\\/centrejujolcannegre.cat\\\/wp-content\\\/uploads\\\/2024\\\/11\\\/imatge-8.png\",\"datePublished\":\"2024-11-12T10:50:26+00:00\",\"dateModified\":\"2025-01-24T09:54:43+00:00\",\"breadcrumb\":{\"@id\":\"https:\\\/\\\/centrejujolcannegre.cat\\\/es\\\/retrospectiva-de-dibujos-de-enrique-garcia-puentes\\\/#breadcrumb\"},\"inLanguage\":\"es\",\"potentialAction\":[{\"@type\":\"ReadAction\",\"target\":[\"https:\\\/\\\/centrejujolcannegre.cat\\\/es\\\/retrospectiva-de-dibujos-de-enrique-garcia-puentes\\\/\"]}]},{\"@type\":\"ImageObject\",\"inLanguage\":\"es\",\"@id\":\"https:\\\/\\\/centrejujolcannegre.cat\\\/es\\\/retrospectiva-de-dibujos-de-enrique-garcia-puentes\\\/#primaryimage\",\"url\":\"https:\\\/\\\/centrejujolcannegre.cat\\\/wp-content\\\/uploads\\\/2024\\\/11\\\/imatge-8.png\",\"contentUrl\":\"https:\\\/\\\/centrejujolcannegre.cat\\\/wp-content\\\/uploads\\\/2024\\\/11\\\/imatge-8.png\",\"width\":1440,\"height\":1241},{\"@type\":\"BreadcrumbList\",\"@id\":\"https:\\\/\\\/centrejujolcannegre.cat\\\/es\\\/retrospectiva-de-dibujos-de-enrique-garcia-puentes\\\/#breadcrumb\",\"itemListElement\":[{\"@type\":\"ListItem\",\"position\":1,\"name\":\"Portada\",\"item\":\"https:\\\/\\\/centrejujolcannegre.cat\\\/es\\\/\"},{\"@type\":\"ListItem\",\"position\":2,\"name\":\"Retrospectiva de dibujos de Enrique Garc\u00eda Puentes\"}]},{\"@type\":\"WebSite\",\"@id\":\"https:\\\/\\\/centrejujolcannegre.cat\\\/es\\\/#website\",\"url\":\"https:\\\/\\\/centrejujolcannegre.cat\\\/es\\\/\",\"name\":\"Plataforma Centre Jujol - Can Negre\",\"description\":\"Plataforma de venta d&#039;entradas d&#039;activitats, exposicions i circuits culturals a Museus i l&#039;Escola d&#039;Art de de Sant Joan Desp\u00ed\",\"publisher\":{\"@id\":\"https:\\\/\\\/centrejujolcannegre.cat\\\/es\\\/#organization\"},\"potentialAction\":[{\"@type\":\"SearchAction\",\"target\":{\"@type\":\"EntryPoint\",\"urlTemplate\":\"https:\\\/\\\/centrejujolcannegre.cat\\\/es\\\/?s={search_term_string}\"},\"query-input\":{\"@type\":\"PropertyValueSpecification\",\"valueRequired\":true,\"valueName\":\"search_term_string\"}}],\"inLanguage\":\"es\"},{\"@type\":\"Organization\",\"@id\":\"https:\\\/\\\/centrejujolcannegre.cat\\\/es\\\/#organization\",\"name\":\"Centre Jujol - Can Negre\",\"url\":\"https:\\\/\\\/centrejujolcannegre.cat\\\/es\\\/\",\"logo\":{\"@type\":\"ImageObject\",\"inLanguage\":\"es\",\"@id\":\"https:\\\/\\\/centrejujolcannegre.cat\\\/es\\\/#\\\/schema\\\/logo\\\/image\\\/\",\"url\":\"https:\\\/\\\/centrejujolcannegre.cat\\\/wp-content\\\/uploads\\\/2024\\\/05\\\/logo-centre-jujol-can-negre.svg\",\"contentUrl\":\"https:\\\/\\\/centrejujolcannegre.cat\\\/wp-content\\\/uploads\\\/2024\\\/05\\\/logo-centre-jujol-can-negre.svg\",\"caption\":\"Centre Jujol - Can Negre\"},\"image\":{\"@id\":\"https:\\\/\\\/centrejujolcannegre.cat\\\/es\\\/#\\\/schema\\\/logo\\\/image\\\/\"},\"sameAs\":[\"https:\\\/\\\/www.facebook.com\\\/cannegre\",\"https:\\\/\\\/x.com\\\/cannegresjd\"]},{\"@type\":\"Person\",\"@id\":\"https:\\\/\\\/centrejujolcannegre.cat\\\/es\\\/#\\\/schema\\\/person\\\/c8ec359b2bad91e756a3e2d924cd77c7\",\"name\":\"empiezapori\",\"image\":{\"@type\":\"ImageObject\",\"inLanguage\":\"es\",\"@id\":\"https:\\\/\\\/secure.gravatar.com\\\/avatar\\\/0ddf5f98884a4f76d843f5241239cb0845ded8d0c675d6a55138b7ad1de5011b?s=96&d=mm&r=g\",\"url\":\"https:\\\/\\\/secure.gravatar.com\\\/avatar\\\/0ddf5f98884a4f76d843f5241239cb0845ded8d0c675d6a55138b7ad1de5011b?s=96&d=mm&r=g\",\"contentUrl\":\"https:\\\/\\\/secure.gravatar.com\\\/avatar\\\/0ddf5f98884a4f76d843f5241239cb0845ded8d0c675d6a55138b7ad1de5011b?s=96&d=mm&r=g\",\"caption\":\"empiezapori\"}}]}<\/script>\n<!-- \/ Yoast SEO plugin. -->","yoast_head_json":{"title":"Retrospectiva de dibujos de Enrique Garc\u00eda Puentes - Plataforma Centre Jujol - Can Negre","robots":{"index":"index","follow":"follow","max-snippet":"max-snippet:-1","max-image-preview":"max-image-preview:large","max-video-preview":"max-video-preview:-1"},"canonical":"https:\/\/centrejujolcannegre.cat\/es\/retrospectiva-de-dibujos-de-enrique-garcia-puentes\/","og_locale":"es_ES","og_type":"article","og_title":"Retrospectiva de dibujos de Enrique Garc\u00eda Puentes - Plataforma Centre Jujol - Can Negre","og_description":"Del 7 de noviembre al 1 de diciembre de 2024 Enrique le invita a acompa\u00f1arle a dar una vuelta por algunas de sus \u00faltimas obras y un vuelco en un sentido muy literal, dado que a menudo la tem\u00e1tica que desarrolla son brochazos de la vida cotidiana en un contexto urbano. ocupa un lugar secundario,...","og_url":"https:\/\/centrejujolcannegre.cat\/es\/retrospectiva-de-dibujos-de-enrique-garcia-puentes\/","og_site_name":"Plataforma Centre Jujol - Can Negre","article_publisher":"https:\/\/www.facebook.com\/cannegre","article_published_time":"2024-11-12T10:50:26+00:00","article_modified_time":"2025-01-24T09:54:43+00:00","og_image":[{"width":1024,"height":882,"url":"https:\/\/centrejujolcannegre.cat\/wp-content\/uploads\/2024\/11\/imatge-8-1024x882.png","type":"image\/png"}],"author":"empiezapori","twitter_card":"summary_large_image","twitter_creator":"@cannegresjd","twitter_site":"@cannegresjd","twitter_misc":{"Escrito por":"empiezapori","Tiempo de lectura":"1 minuto"},"schema":{"@context":"https:\/\/schema.org","@graph":[{"@type":"Article","@id":"https:\/\/centrejujolcannegre.cat\/es\/retrospectiva-de-dibujos-de-enrique-garcia-puentes\/#article","isPartOf":{"@id":"https:\/\/centrejujolcannegre.cat\/es\/retrospectiva-de-dibujos-de-enrique-garcia-puentes\/"},"author":{"name":"empiezapori","@id":"https:\/\/centrejujolcannegre.cat\/es\/#\/schema\/person\/c8ec359b2bad91e756a3e2d924cd77c7"},"headline":"Retrospectiva de dibujos de Enrique Garc\u00eda Puentes","datePublished":"2024-11-12T10:50:26+00:00","dateModified":"2025-01-24T09:54:43+00:00","mainEntityOfPage":{"@id":"https:\/\/centrejujolcannegre.cat\/es\/retrospectiva-de-dibujos-de-enrique-garcia-puentes\/"},"wordCount":159,"publisher":{"@id":"https:\/\/centrejujolcannegre.cat\/es\/#organization"},"image":{"@id":"https:\/\/centrejujolcannegre.cat\/es\/retrospectiva-de-dibujos-de-enrique-garcia-puentes\/#primaryimage"},"thumbnailUrl":"https:\/\/centrejujolcannegre.cat\/wp-content\/uploads\/2024\/11\/imatge-8.png","articleSection":["Exposiciones"],"inLanguage":"es"},{"@type":"WebPage","@id":"https:\/\/centrejujolcannegre.cat\/es\/retrospectiva-de-dibujos-de-enrique-garcia-puentes\/","url":"https:\/\/centrejujolcannegre.cat\/es\/retrospectiva-de-dibujos-de-enrique-garcia-puentes\/","name":"Retrospectiva de dibujos de Enrique Garc\u00eda Puentes - Plataforma Centre Jujol - Can Negre","isPartOf":{"@id":"https:\/\/centrejujolcannegre.cat\/es\/#website"},"primaryImageOfPage":{"@id":"https:\/\/centrejujolcannegre.cat\/es\/retrospectiva-de-dibujos-de-enrique-garcia-puentes\/#primaryimage"},"image":{"@id":"https:\/\/centrejujolcannegre.cat\/es\/retrospectiva-de-dibujos-de-enrique-garcia-puentes\/#primaryimage"},"thumbnailUrl":"https:\/\/centrejujolcannegre.cat\/wp-content\/uploads\/2024\/11\/imatge-8.png","datePublished":"2024-11-12T10:50:26+00:00","dateModified":"2025-01-24T09:54:43+00:00","breadcrumb":{"@id":"https:\/\/centrejujolcannegre.cat\/es\/retrospectiva-de-dibujos-de-enrique-garcia-puentes\/#breadcrumb"},"inLanguage":"es","potentialAction":[{"@type":"ReadAction","target":["https:\/\/centrejujolcannegre.cat\/es\/retrospectiva-de-dibujos-de-enrique-garcia-puentes\/"]}]},{"@type":"ImageObject","inLanguage":"es","@id":"https:\/\/centrejujolcannegre.cat\/es\/retrospectiva-de-dibujos-de-enrique-garcia-puentes\/#primaryimage","url":"https:\/\/centrejujolcannegre.cat\/wp-content\/uploads\/2024\/11\/imatge-8.png","contentUrl":"https:\/\/centrejujolcannegre.cat\/wp-content\/uploads\/2024\/11\/imatge-8.png","width":1440,"height":1241},{"@type":"BreadcrumbList","@id":"https:\/\/centrejujolcannegre.cat\/es\/retrospectiva-de-dibujos-de-enrique-garcia-puentes\/#breadcrumb","itemListElement":[{"@type":"ListItem","position":1,"name":"Portada","item":"https:\/\/centrejujolcannegre.cat\/es\/"},{"@type":"ListItem","position":2,"name":"Retrospectiva de dibujos de Enrique Garc\u00eda Puentes"}]},{"@type":"WebSite","@id":"https:\/\/centrejujolcannegre.cat\/es\/#website","url":"https:\/\/centrejujolcannegre.cat\/es\/","name":"Plataforma Centre Jujol - Can Negre","description":"Plataforma de venta d&#039;entradas d&#039;activitats, exposicions i circuits culturals a Museus i l&#039;Escola d&#039;Art de de Sant Joan Desp\u00ed","publisher":{"@id":"https:\/\/centrejujolcannegre.cat\/es\/#organization"},"potentialAction":[{"@type":"SearchAction","target":{"@type":"EntryPoint","urlTemplate":"https:\/\/centrejujolcannegre.cat\/es\/?s={search_term_string}"},"query-input":{"@type":"PropertyValueSpecification","valueRequired":true,"valueName":"search_term_string"}}],"inLanguage":"es"},{"@type":"Organization","@id":"https:\/\/centrejujolcannegre.cat\/es\/#organization","name":"Centre Jujol - Can Negre","url":"https:\/\/centrejujolcannegre.cat\/es\/","logo":{"@type":"ImageObject","inLanguage":"es","@id":"https:\/\/centrejujolcannegre.cat\/es\/#\/schema\/logo\/image\/","url":"https:\/\/centrejujolcannegre.cat\/wp-content\/uploads\/2024\/05\/logo-centre-jujol-can-negre.svg","contentUrl":"https:\/\/centrejujolcannegre.cat\/wp-content\/uploads\/2024\/05\/logo-centre-jujol-can-negre.svg","caption":"Centre Jujol - Can Negre"},"image":{"@id":"https:\/\/centrejujolcannegre.cat\/es\/#\/schema\/logo\/image\/"},"sameAs":["https:\/\/www.facebook.com\/cannegre","https:\/\/x.com\/cannegresjd"]},{"@type":"Person","@id":"https:\/\/centrejujolcannegre.cat\/es\/#\/schema\/person\/c8ec359b2bad91e756a3e2d924cd77c7","name":"empiezapori","image":{"@type":"ImageObject","inLanguage":"es","@id":"https:\/\/secure.gravatar.com\/avatar\/0ddf5f98884a4f76d843f5241239cb0845ded8d0c675d6a55138b7ad1de5011b?s=96&d=mm&r=g","url":"https:\/\/secure.gravatar.com\/avatar\/0ddf5f98884a4f76d843f5241239cb0845ded8d0c675d6a55138b7ad1de5011b?s=96&d=mm&r=g","contentUrl":"https:\/\/secure.gravatar.com\/avatar\/0ddf5f98884a4f76d843f5241239cb0845ded8d0c675d6a55138b7ad1de5011b?s=96&d=mm&r=g","caption":"empiezapori"}}]}},"taxonomy_info":{"category":[{"value":356,"label":"Exposiciones"}]},"featured_image_src_large":["https:\/\/centrejujolcannegre.cat\/wp-content\/uploads\/2024\/11\/imatge-8-1024x882.png",1024,882,true],"author_info":{"display_name":"empiezapori","author_link":"https:\/\/centrejujolcannegre.cat\/es\/author\/empiezapori\/"},"comment_info":0,"category_info":[{"term_id":356,"name":"Exposiciones","slug":"exposiciones-es","term_group":0,"term_taxonomy_id":356,"taxonomy":"category","description":"","parent":0,"count":19,"filter":"raw","cat_ID":356,"category_count":19,"category_description":"","cat_name":"Exposiciones","category_nicename":"exposiciones-es","category_parent":0}],"tag_info":false,"_links":{"self":[{"href":"https:\/\/centrejujolcannegre.cat\/es\/wp-json\/wp\/v2\/posts\/9299","targetHints":{"allow":["GET"]}}],"collection":[{"href":"https:\/\/centrejujolcannegre.cat\/es\/wp-json\/wp\/v2\/posts"}],"about":[{"href":"https:\/\/centrejujolcannegre.cat\/es\/wp-json\/wp\/v2\/types\/post"}],"author":[{"embeddable":true,"href":"https:\/\/centrejujolcannegre.cat\/es\/wp-json\/wp\/v2\/users\/1"}],"replies":[{"embeddable":true,"href":"https:\/\/centrejujolcannegre.cat\/es\/wp-json\/wp\/v2\/comments?post=9299"}],"version-history":[{"count":1,"href":"https:\/\/centrejujolcannegre.cat\/es\/wp-json\/wp\/v2\/posts\/9299\/revisions"}],"predecessor-version":[{"id":9301,"href":"https:\/\/centrejujolcannegre.cat\/es\/wp-json\/wp\/v2\/posts\/9299\/revisions\/9301"}],"wp:featuredmedia":[{"embeddable":true,"href":"https:\/\/centrejujolcannegre.cat\/es\/wp-json\/wp\/v2\/media\/8077"}],"wp:attachment":[{"href":"https:\/\/centrejujolcannegre.cat\/es\/wp-json\/wp\/v2\/media?parent=9299"}],"wp:term":[{"taxonomy":"category","embeddable":true,"href":"https:\/\/centrejujolcannegre.cat\/es\/wp-json\/wp\/v2\/categories?post=9299"},{"taxonomy":"post_tag","embeddable":true,"href":"https:\/\/centrejujolcannegre.cat\/es\/wp-json\/wp\/v2\/tags?post=9299"}],"curies":[{"name":"wp","href":"https:\/\/api.w.org\/{rel}","templated":true}]}}